{"id":13848,"date":"2026-08-13T00:01:13","date_gmt":"2026-08-13T03:01:13","guid":{"rendered":"https:\/\/ilheusnews.com.br\/?p=13848"},"modified":"2026-08-13T00:01:13","modified_gmt":"2026-08-13T03:01:13","slug":"olhar-do-amanha-agora-e-possivel-ler-a-mente-sem-abrir-seu-cranio-e-isso-e-so-o-comeco","status":"publish","type":"post","link":"https:\/\/ilheusnews.com.br\/?p=13848","title":{"rendered":"Olhar do Amanh\u00e3: agora \u00e9 poss\u00edvel ler a mente sem abrir seu cr\u00e2nio \u2014 e isso \u00e9 s\u00f3 o come\u00e7o"},"content":{"rendered":"<div>\n<p>Pesquisadores da Meta AI demonstraram um sistema \u2014 o Brain2Qwerty \u2014 capaz de transformar atividade cerebral captada por sensores externos, sem nenhuma cirurgia, em texto escrito. A not\u00edcia foi tratada como um avan\u00e7o de acessibilidade, mas tamb\u00e9m marca um ponto de virada silencioso: a fronteira entre o que pensamos e o que pode ser lido est\u00e1 ficando mais fina do que a maioria das pessoas percebe. <\/p>\n<p>O assunto \u00e9 tema de hoje na coluna\u00a0<a href=\"https:\/\/olhardigital.com.br\/tag\/olhar-do-amanha\/\" target=\"_blank\" rel=\"noreferrer noopener\">Olhar do Amanh\u00e3<\/a>, com o doutor \u00c1lvaro Machado Dias, professor da UNIFESP, neurocientista, futurista e colunista do Olhar Digital News. Confira!<\/p>\n<p>O post <a href=\"https:\/\/olhardigital.com.br\/2026\/08\/12\/colunistas\/olhar-do-amanha-agora-e-possivel-ler-a-mente-sem-abrir-seu-cranio-e-isso-e-so-o-comeco\/\">Olhar do Amanh\u00e3: agora \u00e9 poss\u00edvel ler a mente sem abrir seu cr\u00e2nio \u2014 e isso \u00e9 s\u00f3 o come\u00e7o<\/a> apareceu primeiro em <a href=\"https:\/\/olhardigital.com.br\/\">Olhar Digital<\/a>.<\/p>\n<\/div>\n","protected":false},"excerpt":{"rendered":"<p>Pesquisadores da Meta AI demonstraram um sistema \u2014 o Brain2Qwerty \u2014 capaz de transformar atividade cerebral captada por sensores externos, sem nenhuma cirurgia, em texto escrito. A not\u00edcia foi tratada como um avan\u00e7o de acessibilidade, mas tamb\u00e9m marca um ponto de virada silencioso: a fronteira entre o que pensamos e o que pode ser lido<\/p>\n","protected":false},"author":6,"featured_media":0,"comment_status":"closed","ping_status":"closed","sticky":false,"template":"","format":"standard","meta":{"fifu_image_url":"","fifu_image_alt":"","footnotes":""},"categories":[33],"tags":[],"class_list":["post-13848","post","type-post","status-publish","format-standard","hentry","category-noticias"],"_links":{"self":[{"href":"https:\/\/ilheusnews.com.br\/index.php?rest_route=\/wp\/v2\/posts\/13848","targetHints":{"allow":["GET"]}}],"collection":[{"href":"https:\/\/ilheusnews.com.br\/index.php?rest_route=\/wp\/v2\/posts"}],"about":[{"href":"https:\/\/ilheusnews.com.br\/index.php?rest_route=\/wp\/v2\/types\/post"}],"author":[{"embeddable":true,"href":"https:\/\/ilheusnews.com.br\/index.php?rest_route=\/wp\/v2\/users\/6"}],"replies":[{"embeddable":true,"href":"https:\/\/ilheusnews.com.br\/index.php?rest_route=%2Fwp%2Fv2%2Fcomments&post=13848"}],"version-history":[{"count":0,"href":"https:\/\/ilheusnews.com.br\/index.php?rest_route=\/wp\/v2\/posts\/13848\/revisions"}],"wp:attachment":[{"href":"https:\/\/ilheusnews.com.br\/index.php?rest_route=%2Fwp%2Fv2%2Fmedia&parent=13848"}],"wp:term":[{"taxonomy":"category","embeddable":true,"href":"https:\/\/ilheusnews.com.br\/index.php?rest_route=%2Fwp%2Fv2%2Fcategories&post=13848"},{"taxonomy":"post_tag","embeddable":true,"href":"https:\/\/ilheusnews.com.br\/index.php?rest_route=%2Fwp%2Fv2%2Ftags&post=13848"}],"curies":[{"name":"wp","href":"https:\/\/api.w.org\/{rel}","templated":true}]}}