{"id":13814,"date":"2026-08-12T12:03:46","date_gmt":"2026-08-12T15:03:46","guid":{"rendered":"https:\/\/ilheusnews.com.br\/?p=13814"},"modified":"2026-08-12T12:03:46","modified_gmt":"2026-08-12T15:03:46","slug":"dino-manda-lindbergh-farias-explicar-emendas-para-o-mst-do-parana","status":"publish","type":"post","link":"https:\/\/ilheusnews.com.br\/?p=13814","title":{"rendered":"Dino manda Lindbergh Farias explicar emendas para o MST do Paran\u00e1"},"content":{"rendered":"<div>O ministro Fl\u00e1vio Dino, do Supremo Tribunal Federal (STF), determinou ao deputado Lindbergh Farias (PT-RJ-Foto) que se manifeste sobre o envio de suas\u00a0emendas para cooperativas do Movimento dos Trabalhadores Sem Terra (MST) no Paran\u00e1. O caso foi revelado pela coluna em julho deste ano. Em 2025, Lindbergh Farias destinou R$ 1,7 milh\u00e3o em suas emendas para o Programa de Aquisi\u00e7\u00e3o de Alimentos (PAA), que foram usados para comprar mantimentos de tr\u00eas cooperativas do MST no Paran\u00e1. As tr\u00eas s\u00e3o base eleitoral da namorada dele, a ex-ministra das Rela\u00e7\u00f5es Institucionais Gleisi Hoffmann (PT-PR). Produtores do pr\u00f3prio Rio de Janeiro receberam bem menos dessas emendas de Lindbergh para o PAA: apenas R$ 680 mil. O deputado nega ter direcionado as verbas para o Paran\u00e1 e diz que quem faz essa escolha \u00e9 a Conab \u2014 a empresa estatal de abastecimento que toca o PAA. A pr\u00f3pria Conab tamb\u00e9m sustenta isso. Embora a verba tenha ido para as cooperativas paranaenses, os alimentos comprados foram distribu\u00eddos no Rio, diz Lindbergh. O que diz o deputado Lindbergh Farias \u00c0 coluna, Lindbergh Farias diz que n\u00e3o foi o respons\u00e1vel por escolher a destina\u00e7\u00e3o das emendas. Segundo ele, essa decis\u00e3o \u00e9 feita pela Conab, a empresa p\u00fablica respons\u00e1vel pelo PAA. (Andre Shalders\/metr\u00f3poles)<\/div>\n","protected":false},"excerpt":{"rendered":"<p>O ministro Fl\u00e1vio Dino, do Supremo Tribunal Federal (STF), determinou ao deputado Lindbergh Farias (PT-RJ-Foto) que se manifeste sobre o envio de suas\u00a0emendas para cooperativas do Movimento dos Trabalhadores Sem Terra (MST) no Paran\u00e1. O caso foi revelado pela coluna em julho deste ano. Em 2025, Lindbergh Farias destinou R$ 1,7 milh\u00e3o em suas emendas<\/p>\n","protected":false},"author":8,"featured_media":0,"comment_status":"closed","ping_status":"closed","sticky":false,"template":"","format":"standard","meta":{"fifu_image_url":"","fifu_image_alt":"","footnotes":""},"categories":[33],"tags":[],"class_list":["post-13814","post","type-post","status-publish","format-standard","hentry","category-noticias"],"_links":{"self":[{"href":"https:\/\/ilheusnews.com.br\/index.php?rest_route=\/wp\/v2\/posts\/13814","targetHints":{"allow":["GET"]}}],"collection":[{"href":"https:\/\/ilheusnews.com.br\/index.php?rest_route=\/wp\/v2\/posts"}],"about":[{"href":"https:\/\/ilheusnews.com.br\/index.php?rest_route=\/wp\/v2\/types\/post"}],"author":[{"embeddable":true,"href":"https:\/\/ilheusnews.com.br\/index.php?rest_route=\/wp\/v2\/users\/8"}],"replies":[{"embeddable":true,"href":"https:\/\/ilheusnews.com.br\/index.php?rest_route=%2Fwp%2Fv2%2Fcomments&post=13814"}],"version-history":[{"count":0,"href":"https:\/\/ilheusnews.com.br\/index.php?rest_route=\/wp\/v2\/posts\/13814\/revisions"}],"wp:attachment":[{"href":"https:\/\/ilheusnews.com.br\/index.php?rest_route=%2Fwp%2Fv2%2Fmedia&parent=13814"}],"wp:term":[{"taxonomy":"category","embeddable":true,"href":"https:\/\/ilheusnews.com.br\/index.php?rest_route=%2Fwp%2Fv2%2Fcategories&post=13814"},{"taxonomy":"post_tag","embeddable":true,"href":"https:\/\/ilheusnews.com.br\/index.php?rest_route=%2Fwp%2Fv2%2Ftags&post=13814"}],"curies":[{"name":"wp","href":"https:\/\/api.w.org\/{rel}","templated":true}]}}