{"id":13804,"date":"2026-08-12T06:01:54","date_gmt":"2026-08-12T09:01:54","guid":{"rendered":"https:\/\/ilheusnews.com.br\/?p=13804"},"modified":"2026-08-12T06:01:54","modified_gmt":"2026-08-12T09:01:54","slug":"cnm-convoca-prefeitos-para-assembleia-extraordinaria-para-deliberar-sobre-questao-que-vai-beneficiar-municipios","status":"publish","type":"post","link":"https:\/\/ilheusnews.com.br\/?p=13804","title":{"rendered":"CNM convoca prefeitos para assembleia extraordin\u00e1ria para deliberar sobre quest\u00e3o que vai beneficiar Munic\u00edpios"},"content":{"rendered":"<div>A Confedera\u00e7\u00e3o Nacional de Munic\u00edpios (CNM) convoca a todos representantes de Munic\u00edpios contribuintes com a entidade municipalista para participarem da Assembleia Geral Extraordin\u00e1ria de formato h\u00edbrido, presencial e remoto, que ser\u00e1 realizada entre os dias\u00a011 a 24 de agosto\u00a0na sede da CNM ou\u00a0por meio eletr\u00f4nico. A delibera\u00e7\u00e3o da pauta tamb\u00e9m ser\u00e1 h\u00edbrida e ocorrer\u00e1 de forma presencial ou eletr\u00f4nica. Confira o\u00a0edital de convoca\u00e7\u00e3o\u00a0e acompanhe os detalhes no\u00a0site: https:\/\/assembleias.cnm.org.br\/ (Foto ilustra\u00e7\u00e3o) O tema em pauta \u00e9 a autoriza\u00e7\u00e3o para que a CNM represente os Munic\u00edpios em a\u00e7\u00e3o coletiva contra a Uni\u00e3o para fazer valer a Lei 13.485\/2017, nos termos do art. 58, inciso I, e do art. 75, \u00a75\u00ba, do C\u00f3digo de Processo Civil. Na pr\u00e1tica, a a\u00e7\u00e3o busca revisar as d\u00edvidas previdenci\u00e1rias do Munic\u00edpio, fazer o \u201cencontro de contas\u201d (acertar o que o Munic\u00edpio deve e o que tem a receber) e suspender descontos indevidos no FPM. Agora, a justi\u00e7a autorizou que novos Munic\u00edpios possam fazer parte da a\u00e7\u00e3o, mas para isso, o chefe do Poder Executivo deve autorizar expressamente que a CNM possa representar o Munic\u00edpio no processo. A CNM recomenda aos Munic\u00edpios que votem\u00a0SIM, pois o interesse financeiro imediato \u00e9 o da suspens\u00e3o da reten\u00e7\u00e3o de 1% da m\u00e9dia mensal da receita corrente l\u00edquida do ano anterior no FPM do Munic\u00edpio, caso deferida a liminar.\u00a0 Na assembleia, o senhor poder\u00e1 autorizar a CNM a representar seu Munic\u00edpio na A\u00c7\u00c3O COLETIVA CIVIL ORDIN\u00c1RIA n. 1065144-20.2020.4.01.3400, em tr\u00e2mite perante a 22\u00aa Vara Federal C\u00edvel da Se\u00e7\u00e3o Judici\u00e1ria do Distrito Federal (SJDF), com o objetivo de reduzir a d\u00edvida previdenci\u00e1ria municipal e possibilitar a devolu\u00e7\u00e3o ou compensa\u00e7\u00e3o dos valores pagos a mais.\u00a0(CNM)<\/div>\n","protected":false},"excerpt":{"rendered":"<p>A Confedera\u00e7\u00e3o Nacional de Munic\u00edpios (CNM) convoca a todos representantes de Munic\u00edpios contribuintes com a entidade municipalista para participarem da Assembleia Geral Extraordin\u00e1ria de formato h\u00edbrido, presencial e remoto, que ser\u00e1 realizada entre os dias\u00a011 a 24 de agosto\u00a0na sede da CNM ou\u00a0por meio eletr\u00f4nico. A delibera\u00e7\u00e3o da pauta tamb\u00e9m ser\u00e1 h\u00edbrida e ocorrer\u00e1 de<\/p>\n","protected":false},"author":8,"featured_media":0,"comment_status":"closed","ping_status":"closed","sticky":false,"template":"","format":"standard","meta":{"fifu_image_url":"","fifu_image_alt":"","footnotes":""},"categories":[33],"tags":[],"class_list":["post-13804","post","type-post","status-publish","format-standard","hentry","category-noticias"],"_links":{"self":[{"href":"https:\/\/ilheusnews.com.br\/index.php?rest_route=\/wp\/v2\/posts\/13804","targetHints":{"allow":["GET"]}}],"collection":[{"href":"https:\/\/ilheusnews.com.br\/index.php?rest_route=\/wp\/v2\/posts"}],"about":[{"href":"https:\/\/ilheusnews.com.br\/index.php?rest_route=\/wp\/v2\/types\/post"}],"author":[{"embeddable":true,"href":"https:\/\/ilheusnews.com.br\/index.php?rest_route=\/wp\/v2\/users\/8"}],"replies":[{"embeddable":true,"href":"https:\/\/ilheusnews.com.br\/index.php?rest_route=%2Fwp%2Fv2%2Fcomments&post=13804"}],"version-history":[{"count":0,"href":"https:\/\/ilheusnews.com.br\/index.php?rest_route=\/wp\/v2\/posts\/13804\/revisions"}],"wp:attachment":[{"href":"https:\/\/ilheusnews.com.br\/index.php?rest_route=%2Fwp%2Fv2%2Fmedia&parent=13804"}],"wp:term":[{"taxonomy":"category","embeddable":true,"href":"https:\/\/ilheusnews.com.br\/index.php?rest_route=%2Fwp%2Fv2%2Fcategories&post=13804"},{"taxonomy":"post_tag","embeddable":true,"href":"https:\/\/ilheusnews.com.br\/index.php?rest_route=%2Fwp%2Fv2%2Ftags&post=13804"}],"curies":[{"name":"wp","href":"https:\/\/api.w.org\/{rel}","templated":true}]}}