{"id":13803,"date":"2026-08-12T06:01:51","date_gmt":"2026-08-12T09:01:51","guid":{"rendered":"https:\/\/ilheusnews.com.br\/?p=13803"},"modified":"2026-08-12T06:01:51","modified_gmt":"2026-08-12T09:01:51","slug":"cruz-das-almas-expocruz-2026-acontece-de-24-a-27-de-setembro","status":"publish","type":"post","link":"https:\/\/ilheusnews.com.br\/?p=13803","title":{"rendered":"Cruz das Almas: ExpoCruz 2026 acontece de 24 a 27 de setembro"},"content":{"rendered":"<div>A contagem regressiva come\u00e7ou. A Prefeitura de Cruz vai realizar a ExpoCruz 2026 de 24 e 27 de setembro, na Pra\u00e7a Senador Tem\u00edstocles, consolidando mais uma edi\u00e7\u00e3o da maior feira de empreendedorismo, neg\u00f3cios e oportunidades da regi\u00e3o. (Foto ilustra\u00e7\u00e3o) Durante quatro dias, o espa\u00e7o ser\u00e1 palco de conex\u00f5es, inova\u00e7\u00e3o e desenvolvimento econ\u00f4mico, reunindo empreendedores, empresas, produtores rurais, artes\u00e3os, institui\u00e7\u00f5es, investidores e visitantes em uma programa\u00e7\u00e3o voltada \u00e0 gera\u00e7\u00e3o de neg\u00f3cios, capacita\u00e7\u00e3o e fortalecimento da economia local. A ExpoCruz j\u00e1 se consolidou como um dos principais eventos do calend\u00e1rio do munic\u00edpio, impulsionando o com\u00e9rcio, valorizando os pequenos e grandes empreendedores e criando oportunidades para quem deseja expandir sua atua\u00e7\u00e3o no mercado. Al\u00e9m da exposi\u00e7\u00e3o de produtos e servi\u00e7os, a feira contar\u00e1 com palestras, oficinas, atra\u00e7\u00f5es culturais e experi\u00eancias voltadas para toda a fam\u00edlia. Para o vice-prefeito Roni Carvalho, coordenador do prefeito da ExpoCruz, o sucesso do evento representa o novo momento vivido por Cruz das Almas. \u201cA ExpoCruz mostra a for\u00e7a da nossa cidade e do nosso povo. \u00c9 um evento que gera oportunidades, incentiva quem empreende, movimenta a economia e fortalece Cruz das Almas como refer\u00eancia em desenvolvimento. Estamos preparando mais uma grande edi\u00e7\u00e3o para conectar pessoas, ideias e neg\u00f3cios, contribuindo para o crescimento do nosso munic\u00edpio.\u201d Nos pr\u00f3ximos dias, a Prefeitura divulgar\u00e1 a programa\u00e7\u00e3o completa da ExpoCruz 2026, al\u00e9m das informa\u00e7\u00f5es sobre inscri\u00e7\u00f5es para expositores, palestras, capacita\u00e7\u00f5es e demais atra\u00e7\u00f5es que far\u00e3o parte do evento. Reserve a data na agenda. De 24 a 27 de setembro, a Pra\u00e7a Senador Tem\u00edstocles ser\u00e1 novamente o ponto de encontro de quem acredita no empreendedorismo, na inova\u00e7\u00e3o e no potencial de Cruz das Almas para crescer cada vez mais. (Ascom\/PMCA)<\/div>\n","protected":false},"excerpt":{"rendered":"<p>A contagem regressiva come\u00e7ou. A Prefeitura de Cruz vai realizar a ExpoCruz 2026 de 24 e 27 de setembro, na Pra\u00e7a Senador Tem\u00edstocles, consolidando mais uma edi\u00e7\u00e3o da maior feira de empreendedorismo, neg\u00f3cios e oportunidades da regi\u00e3o. (Foto ilustra\u00e7\u00e3o) Durante quatro dias, o espa\u00e7o ser\u00e1 palco de conex\u00f5es, inova\u00e7\u00e3o e desenvolvimento econ\u00f4mico, reunindo empreendedores, empresas,<\/p>\n","protected":false},"author":8,"featured_media":0,"comment_status":"closed","ping_status":"closed","sticky":false,"template":"","format":"standard","meta":{"fifu_image_url":"","fifu_image_alt":"","footnotes":""},"categories":[33],"tags":[],"class_list":["post-13803","post","type-post","status-publish","format-standard","hentry","category-noticias"],"_links":{"self":[{"href":"https:\/\/ilheusnews.com.br\/index.php?rest_route=\/wp\/v2\/posts\/13803","targetHints":{"allow":["GET"]}}],"collection":[{"href":"https:\/\/ilheusnews.com.br\/index.php?rest_route=\/wp\/v2\/posts"}],"about":[{"href":"https:\/\/ilheusnews.com.br\/index.php?rest_route=\/wp\/v2\/types\/post"}],"author":[{"embeddable":true,"href":"https:\/\/ilheusnews.com.br\/index.php?rest_route=\/wp\/v2\/users\/8"}],"replies":[{"embeddable":true,"href":"https:\/\/ilheusnews.com.br\/index.php?rest_route=%2Fwp%2Fv2%2Fcomments&post=13803"}],"version-history":[{"count":0,"href":"https:\/\/ilheusnews.com.br\/index.php?rest_route=\/wp\/v2\/posts\/13803\/revisions"}],"wp:attachment":[{"href":"https:\/\/ilheusnews.com.br\/index.php?rest_route=%2Fwp%2Fv2%2Fmedia&parent=13803"}],"wp:term":[{"taxonomy":"category","embeddable":true,"href":"https:\/\/ilheusnews.com.br\/index.php?rest_route=%2Fwp%2Fv2%2Fcategories&post=13803"},{"taxonomy":"post_tag","embeddable":true,"href":"https:\/\/ilheusnews.com.br\/index.php?rest_route=%2Fwp%2Fv2%2Ftags&post=13803"}],"curies":[{"name":"wp","href":"https:\/\/api.w.org\/{rel}","templated":true}]}}