{"id":13772,"date":"2026-08-11T18:00:54","date_gmt":"2026-08-11T21:00:54","guid":{"rendered":"https:\/\/ilheusnews.com.br\/?p=13772"},"modified":"2026-08-11T18:00:54","modified_gmt":"2026-08-11T21:00:54","slug":"cas-confirma-em-turno-suplementar-regulamentacao-de-tanatopraxista","status":"publish","type":"post","link":"https:\/\/ilheusnews.com.br\/?p=13772","title":{"rendered":"CAS\u00a0confirma em turno suplementar regulamenta\u00e7\u00e3o de tanatopraxista"},"content":{"rendered":"<div>A Comiss\u00e3o de\u00a0Assuntos Sociais\u00a0(CAS) confirmou nesta ter\u00e7a-feira, em turno suplementar, o projeto que\u00a0regulamenta\u00a0a profiss\u00e3o\u00a0de\u00a0tanatopraxista \u2014 especialista na conserva\u00e7\u00e3o e no preparo dos corpos de pessoas mortas para o vel\u00f3rio. (Foto ilustra\u00e7\u00e3o) Os senadores aprovaram na reuni\u00e3o de 15 de julho\u00a0o substitutivo da senadora Damares Alves (Republicanos-DF) ao\u00a0PL 1.261\/2022, proposto pela senadora Soraya Thronicke (PSB-MS). A mat\u00e9ria segue \u00e0 C\u00e2mara, salvo recurso para an\u00e1lise do Plen\u00e1rio. Altera\u00e7\u00f5es Conforme o texto, o tanatopraxista dever\u00e1 fazer curso profissionalizante t\u00e9cnico ou tecnol\u00f3gico, com \u00eanfase em est\u00e9tica e conserva\u00e7\u00e3o mortu\u00e1ria. Se a proposta virar lei, o trabalhador que atuar por pelo menos um ano antes da nova norma n\u00e3o precisar\u00e1 da qualifica\u00e7\u00e3o formal. A vers\u00e3o original previa que os tanatopraxistas deveriam ser graduados em n\u00edvel superior, enquanto o curso t\u00e9cnico habilitaria apenas ao cargo de t\u00e9cnico, mas essa exig\u00eancia foi retirada por Damares. Segundo a relatora, n\u00e3o h\u00e1 cursos superiores na \u00e1rea atualmente, o que poderia gerar uma demanda artificial, dificultar o ingresso de novos profissionais e encarecer os servi\u00e7os funer\u00e1rios. Assim, passa-se a considerar todos os habilitados em curso profissionalizante, t\u00e9cnico\u00a0ou\u00a0tecnol\u00f3gico\u00a0de institui\u00e7\u00e3o brasileira ou estrangeira\u00a0como\u00a0tanatopraxista.\u00a0Para isso, a institui\u00e7\u00e3o\u00a0deve ser reconhecida pelo Minist\u00e9rio da Educa\u00e7\u00e3o.\u00a0O texto de Damares tamb\u00e9m\u00a0garante o exerc\u00edcio profissional ao trabalhador que exerce a atividade por, pelo menos, um ano antes de a lei entrar em vigor.\u00a0 De acordo com Damares, a regulamenta\u00e7\u00e3o \u00e9 necess\u00e1ria tanto sob o aspecto social quanto sob o biol\u00f3gico. Segundo ela, o direito \u00e0 dignidade da pessoa humana deve ser assegurado a todos, inclusive ap\u00f3s a morte.\u00a0\u00a0 (Ag\u00eancia Senado)<\/div>\n","protected":false},"excerpt":{"rendered":"<p>A Comiss\u00e3o de\u00a0Assuntos Sociais\u00a0(CAS) confirmou nesta ter\u00e7a-feira, em turno suplementar, o projeto que\u00a0regulamenta\u00a0a profiss\u00e3o\u00a0de\u00a0tanatopraxista \u2014 especialista na conserva\u00e7\u00e3o e no preparo dos corpos de pessoas mortas para o vel\u00f3rio. (Foto ilustra\u00e7\u00e3o) Os senadores aprovaram na reuni\u00e3o de 15 de julho\u00a0o substitutivo da senadora Damares Alves (Republicanos-DF) ao\u00a0PL 1.261\/2022, proposto pela senadora Soraya Thronicke (PSB-MS). A<\/p>\n","protected":false},"author":8,"featured_media":0,"comment_status":"closed","ping_status":"closed","sticky":false,"template":"","format":"standard","meta":{"fifu_image_url":"","fifu_image_alt":"","footnotes":""},"categories":[33],"tags":[],"class_list":["post-13772","post","type-post","status-publish","format-standard","hentry","category-noticias"],"_links":{"self":[{"href":"https:\/\/ilheusnews.com.br\/index.php?rest_route=\/wp\/v2\/posts\/13772","targetHints":{"allow":["GET"]}}],"collection":[{"href":"https:\/\/ilheusnews.com.br\/index.php?rest_route=\/wp\/v2\/posts"}],"about":[{"href":"https:\/\/ilheusnews.com.br\/index.php?rest_route=\/wp\/v2\/types\/post"}],"author":[{"embeddable":true,"href":"https:\/\/ilheusnews.com.br\/index.php?rest_route=\/wp\/v2\/users\/8"}],"replies":[{"embeddable":true,"href":"https:\/\/ilheusnews.com.br\/index.php?rest_route=%2Fwp%2Fv2%2Fcomments&post=13772"}],"version-history":[{"count":0,"href":"https:\/\/ilheusnews.com.br\/index.php?rest_route=\/wp\/v2\/posts\/13772\/revisions"}],"wp:attachment":[{"href":"https:\/\/ilheusnews.com.br\/index.php?rest_route=%2Fwp%2Fv2%2Fmedia&parent=13772"}],"wp:term":[{"taxonomy":"category","embeddable":true,"href":"https:\/\/ilheusnews.com.br\/index.php?rest_route=%2Fwp%2Fv2%2Fcategories&post=13772"},{"taxonomy":"post_tag","embeddable":true,"href":"https:\/\/ilheusnews.com.br\/index.php?rest_route=%2Fwp%2Fv2%2Ftags&post=13772"}],"curies":[{"name":"wp","href":"https:\/\/api.w.org\/{rel}","templated":true}]}}