{"id":13771,"date":"2026-08-11T18:00:51","date_gmt":"2026-08-11T21:00:51","guid":{"rendered":"https:\/\/ilheusnews.com.br\/?p=13771"},"modified":"2026-08-11T18:00:51","modified_gmt":"2026-08-11T21:00:51","slug":"projeto-fixa-prazo-para-pericia-de-arma-apreendida-em-investigacao","status":"publish","type":"post","link":"https:\/\/ilheusnews.com.br\/?p=13771","title":{"rendered":"Projeto fixa prazo para per\u00edcia de arma apreendida em investiga\u00e7\u00e3o"},"content":{"rendered":"<div>O Projeto de Lei 1589\/26 fixa prazo m\u00e1ximo de 30 dias para a realiza\u00e7\u00e3o de per\u00edcia em arma de fogo regularmente registrada e apreendida em investiga\u00e7\u00e3o na qual tenha sido alegada leg\u00edtima defesa. Em an\u00e1lise na C\u00e2mara dos Deputados, a proposta altera o Estatuto do Desarmamento. (Foto ilustra\u00e7\u00e3o) O texto permite uma \u00fanica prorroga\u00e7\u00e3o, por at\u00e9 30 dias, desde que haja decis\u00e3o judicial. O texto pro\u00edbe a prorroga\u00e7\u00e3o autom\u00e1tica ou baseada apenas em alega\u00e7\u00e3o gen\u00e9rica de excesso de demanda administrativa. Se o laudo n\u00e3o for conclu\u00eddo nesses prazos, a arma ser\u00e1 restitu\u00edda ao propriet\u00e1rio, ap\u00f3s elabora\u00e7\u00e3o de laudo t\u00e9cnico preliminar. Segundo a autora, deputada Julia Zanatta (PL-SC), a medida evita que a demora administrativa resulte na reten\u00e7\u00e3o da arma por tempo indefinido. \u201cO Estado n\u00e3o pode transformar a morosidade burocr\u00e1tica em mecanismo indireto de puni\u00e7\u00e3o\u201d, afirmou. Hoje, o C\u00f3digo de Processo Penal prev\u00ea prazo m\u00e1ximo de 10 dias para elabora\u00e7\u00e3o do laudo pericial, mas permite que esse prazo seja prorrogado em casos excepcionais, a requerimento dos peritos. A lei n\u00e3o fixa limite m\u00e1ximo para essa prorroga\u00e7\u00e3o. Pr\u00f3ximos passos A proposta ser\u00e1 analisada, de forma conclusiva, pelas comiss\u00f5es de Seguran\u00e7a P\u00fablica e Combate ao Crime Organizado; e de Constitui\u00e7\u00e3o e Justi\u00e7a e de Cidadania. Para virar lei, precisa ser aprovada pela C\u00e2mara e pelo Senado. (Ag\u00eancia C\u00e2mara)<\/div>\n","protected":false},"excerpt":{"rendered":"<p>O Projeto de Lei 1589\/26 fixa prazo m\u00e1ximo de 30 dias para a realiza\u00e7\u00e3o de per\u00edcia em arma de fogo regularmente registrada e apreendida em investiga\u00e7\u00e3o na qual tenha sido alegada leg\u00edtima defesa. Em an\u00e1lise na C\u00e2mara dos Deputados, a proposta altera o Estatuto do Desarmamento. (Foto ilustra\u00e7\u00e3o) O texto permite uma \u00fanica prorroga\u00e7\u00e3o, por<\/p>\n","protected":false},"author":8,"featured_media":0,"comment_status":"closed","ping_status":"closed","sticky":false,"template":"","format":"standard","meta":{"fifu_image_url":"","fifu_image_alt":"","footnotes":""},"categories":[33],"tags":[],"class_list":["post-13771","post","type-post","status-publish","format-standard","hentry","category-noticias"],"_links":{"self":[{"href":"https:\/\/ilheusnews.com.br\/index.php?rest_route=\/wp\/v2\/posts\/13771","targetHints":{"allow":["GET"]}}],"collection":[{"href":"https:\/\/ilheusnews.com.br\/index.php?rest_route=\/wp\/v2\/posts"}],"about":[{"href":"https:\/\/ilheusnews.com.br\/index.php?rest_route=\/wp\/v2\/types\/post"}],"author":[{"embeddable":true,"href":"https:\/\/ilheusnews.com.br\/index.php?rest_route=\/wp\/v2\/users\/8"}],"replies":[{"embeddable":true,"href":"https:\/\/ilheusnews.com.br\/index.php?rest_route=%2Fwp%2Fv2%2Fcomments&post=13771"}],"version-history":[{"count":0,"href":"https:\/\/ilheusnews.com.br\/index.php?rest_route=\/wp\/v2\/posts\/13771\/revisions"}],"wp:attachment":[{"href":"https:\/\/ilheusnews.com.br\/index.php?rest_route=%2Fwp%2Fv2%2Fmedia&parent=13771"}],"wp:term":[{"taxonomy":"category","embeddable":true,"href":"https:\/\/ilheusnews.com.br\/index.php?rest_route=%2Fwp%2Fv2%2Fcategories&post=13771"},{"taxonomy":"post_tag","embeddable":true,"href":"https:\/\/ilheusnews.com.br\/index.php?rest_route=%2Fwp%2Fv2%2Ftags&post=13771"}],"curies":[{"name":"wp","href":"https:\/\/api.w.org\/{rel}","templated":true}]}}