{"id":13770,"date":"2026-08-11T18:00:48","date_gmt":"2026-08-11T21:00:48","guid":{"rendered":"https:\/\/ilheusnews.com.br\/?p=13770"},"modified":"2026-08-11T18:00:48","modified_gmt":"2026-08-11T21:00:48","slug":"prefeitura-de-salvador-participa-de-encontro-nacional-sobre-modernizacao-das-politicas-de-trabalho","status":"publish","type":"post","link":"https:\/\/ilheusnews.com.br\/?p=13770","title":{"rendered":"Prefeitura de Salvador participa de encontro nacional sobre moderniza\u00e7\u00e3o das pol\u00edticas de trabalho"},"content":{"rendered":"<div>A Prefeitura de Salvador, por meio da Secretaria Municipal de Desenvolvimento Econ\u00f4mico, Emprego e Renda (Semdec) e do Servi\u00e7o Municipal de Intermedia\u00e7\u00e3o de M\u00e3o de Obra (SIMM), participa, at\u00e9 13 de agosto, do 4\u00ba Encontro Nacional de Aperfei\u00e7oamento das Pol\u00edticas P\u00fablicas de Trabalho, realizado em Fortaleza, no Cear\u00e1. O evento re\u00fane gestores estaduais e municipais de todo o pa\u00eds para discutir as transforma\u00e7\u00f5es do mercado de trabalho e o aprimoramento do Sistema P\u00fablico de Emprego. (Foto ilustra\u00e7\u00e3o) A participa\u00e7\u00e3o de Salvador tem como objetivo promover a troca de experi\u00eancias e conhecer novas metodologias para a gest\u00e3o de benef\u00edcios, como o Seguro-Desemprego, al\u00e9m de ferramentas de intelig\u00eancia artificial aplicadas \u00e0 empregabilidade. A proposta \u00e9 identificar iniciativas que possam contribuir para a moderniza\u00e7\u00e3o dos processos e do atendimento oferecido aos trabalhadores na capital baiana. Titular da Semdec, Mila Paes, destacou a import\u00e2ncia da participa\u00e7\u00e3o do munic\u00edpio no encontro para o aperfei\u00e7oamento das a\u00e7\u00f5es desenvolvidas pela pasta.\u00a0\u201cEstamos nos consolidando na lideran\u00e7a na gera\u00e7\u00e3o de emprego no Nordeste. Este evento pode contribuir para a solidifica\u00e7\u00e3o de nosso trabalho. A partir de agora, nosso maior trabalho ser\u00e1 manter essa lideran\u00e7a e, para isso, estamos nos empenhando em melhorar e aperfei\u00e7oar nossos processos e projetos\u201d, afirmou. A programa\u00e7\u00e3o do evento contempla temas relacionados \u00e0 inova\u00e7\u00e3o tecnol\u00f3gica no atendimento ao cidad\u00e3o, gest\u00e3o operacional de recursos, procedimentos normativos e estrat\u00e9gias para a inser\u00e7\u00e3o do trabalhador no mercado de trabalho formal. Al\u00e9m disso,\u00a0permite que representantes da Semdec e do SIMM conhe\u00e7am experi\u00eancias desenvolvidas em outros estados e munic\u00edpios, ampliando as possibilidades de aperfei\u00e7oamento das pol\u00edticas de trabalho e emprego implementadas em Salvador. (Secom\/PMS)<\/div>\n","protected":false},"excerpt":{"rendered":"<p>A Prefeitura de Salvador, por meio da Secretaria Municipal de Desenvolvimento Econ\u00f4mico, Emprego e Renda (Semdec) e do Servi\u00e7o Municipal de Intermedia\u00e7\u00e3o de M\u00e3o de Obra (SIMM), participa, at\u00e9 13 de agosto, do 4\u00ba Encontro Nacional de Aperfei\u00e7oamento das Pol\u00edticas P\u00fablicas de Trabalho, realizado em Fortaleza, no Cear\u00e1. O evento re\u00fane gestores estaduais e municipais<\/p>\n","protected":false},"author":8,"featured_media":0,"comment_status":"closed","ping_status":"closed","sticky":false,"template":"","format":"standard","meta":{"fifu_image_url":"","fifu_image_alt":"","footnotes":""},"categories":[33],"tags":[],"class_list":["post-13770","post","type-post","status-publish","format-standard","hentry","category-noticias"],"_links":{"self":[{"href":"https:\/\/ilheusnews.com.br\/index.php?rest_route=\/wp\/v2\/posts\/13770","targetHints":{"allow":["GET"]}}],"collection":[{"href":"https:\/\/ilheusnews.com.br\/index.php?rest_route=\/wp\/v2\/posts"}],"about":[{"href":"https:\/\/ilheusnews.com.br\/index.php?rest_route=\/wp\/v2\/types\/post"}],"author":[{"embeddable":true,"href":"https:\/\/ilheusnews.com.br\/index.php?rest_route=\/wp\/v2\/users\/8"}],"replies":[{"embeddable":true,"href":"https:\/\/ilheusnews.com.br\/index.php?rest_route=%2Fwp%2Fv2%2Fcomments&post=13770"}],"version-history":[{"count":0,"href":"https:\/\/ilheusnews.com.br\/index.php?rest_route=\/wp\/v2\/posts\/13770\/revisions"}],"wp:attachment":[{"href":"https:\/\/ilheusnews.com.br\/index.php?rest_route=%2Fwp%2Fv2%2Fmedia&parent=13770"}],"wp:term":[{"taxonomy":"category","embeddable":true,"href":"https:\/\/ilheusnews.com.br\/index.php?rest_route=%2Fwp%2Fv2%2Fcategories&post=13770"},{"taxonomy":"post_tag","embeddable":true,"href":"https:\/\/ilheusnews.com.br\/index.php?rest_route=%2Fwp%2Fv2%2Ftags&post=13770"}],"curies":[{"name":"wp","href":"https:\/\/api.w.org\/{rel}","templated":true}]}}