{"id":13741,"date":"2026-08-11T00:03:17","date_gmt":"2026-08-11T03:03:17","guid":{"rendered":"https:\/\/ilheusnews.com.br\/?p=13741"},"modified":"2026-08-11T00:03:17","modified_gmt":"2026-08-11T03:03:17","slug":"apple-watch-pode-deixar-para-tras-o-visual-que-marcou-sua-historia","status":"publish","type":"post","link":"https:\/\/ilheusnews.com.br\/?p=13741","title":{"rendered":"Apple Watch pode deixar para tr\u00e1s o visual que marcou sua hist\u00f3ria"},"content":{"rendered":"<div>\n<p>A Apple estuda uma transforma\u00e7\u00e3o ampla em sua linha de rel\u00f3gios inteligentes, com possibilidades que v\u00e3o de <em><strong>dispositivos sem tela<\/strong><\/em> a modelos com diferentes formatos, tamanhos e tecnologias de display. A revis\u00e3o ocorre em meio ao avan\u00e7o de produtos como <a href=\"https:\/\/www.bloomberg.com\/news\/newsletters\/2026-08-09\/apple-explores-apple-watch-shake-up-company-prepares-for-september-iphone-event?srnd=undefined\" target=\"_blank\" rel=\"noreferrer noopener\">an\u00e9is inteligentes e rastreadores voltados \u00e0 atividade f\u00edsica.<\/a><\/p>\n<p>As alternativas fazem parte de uma avalia\u00e7\u00e3o conduzida pela equipe de design industrial da companhia, segundo informa\u00e7\u00f5es exclusivas divulgadas pelo jornalista Mark Gurman, da Bloomberg. A inten\u00e7\u00e3o seria preparar o Apple Watch para uma nova fase e reagir \u00e0 concorr\u00eancia crescente no segmento de dispositivos vest\u00edveis.<\/p>\n<h2 class=\"wp-block-heading\" id=\"h-apple-considera-mudancas-radicais-para-o-watch\">Apple considera mudan\u00e7as radicais para o Watch<\/h2>\n<div class=\"wp-block-image\">\n<figure class=\"aligncenter size-large\"><figcaption class=\"wp-element-caption\">(Imagem: laur2321\/Shutterstock)<\/figcaption><\/figure>\n<\/div>\n<p>Entre as possibilidades analisadas est\u00e1 um dispositivo inspirado no Apple Watch, <strong><em>mas sem qualquer tela.<\/em><\/strong> A ideia acompanha o crescimento de pulseiras voltadas ao monitoramento de atividades que dispensam displays e a populariza\u00e7\u00e3o dos smart rings, produtos que ampliam as formas de acompanhar dados pessoais sem depender de um rel\u00f3gio convencional.<\/p>\n<p>Outra frente estudada envolve mudan\u00e7as no pr\u00f3prio desenho do Apple Watch. A companhia avalia diferentes configura\u00e7\u00f5es de tela e novos tamanhos, numa tentativa de ampliar as alternativas oferecidas ao consumidor. Um modelo com mostrador circular tamb\u00e9m chegou a ser considerado, embora a expectativa apresentada por Gurman seja de que essa vers\u00e3o dificilmente chegue ao mercado.<\/p>\n<p>A revis\u00e3o n\u00e3o ficaria restrita aos formatos. A Apple tamb\u00e9m teria considerado ampliar a hierarquia de pre\u00e7os da fam\u00edlia, com vers\u00f5es mais sofisticadas posicionadas acima dos modelos Ultra e Herm\u00e8s. Na outra ponta, a empresa estudaria alternativas ainda mais acess\u00edveis, al\u00e9m do Apple Watch SE.<\/p>\n<div class=\"wp-block-image\">\n<figure class=\"aligncenter size-large\"><img loading=\"lazy\" decoding=\"async\" width=\"1024\" height=\"577\" src=\"https:\/\/ilheusnews.com.br\/wp-content\/uploads\/2026\/08\/apple-watch-e1762274219108-1024x577-1.jpg\" alt=\"apple watch\" class=\"wp-image-1210385\" srcset=\"https:\/\/img.odcdn.com.br\/wp-content\/uploads\/2025\/10\/apple-watch-e1762274219108-1024x577.jpg 1024w, https:\/\/img.odcdn.com.br\/wp-content\/uploads\/2025\/10\/apple-watch-e1762274219108-300x169.jpg 300w, https:\/\/img.odcdn.com.br\/wp-content\/uploads\/2025\/10\/apple-watch-e1762274219108-768x433.jpg 768w, https:\/\/img.odcdn.com.br\/wp-content\/uploads\/2025\/10\/apple-watch-e1762274219108-1536x865.jpg 1536w, https:\/\/img.odcdn.com.br\/wp-content\/uploads\/2025\/10\/apple-watch-e1762274219108-1920x1080.jpg 1920w, https:\/\/img.odcdn.com.br\/wp-content\/uploads\/2025\/10\/apple-watch-e1762274219108-1280x720.jpg 1280w, https:\/\/img.odcdn.com.br\/wp-content\/uploads\/2025\/10\/apple-watch-e1762274219108-150x84.jpg 150w, https:\/\/img.odcdn.com.br\/wp-content\/uploads\/2025\/10\/apple-watch-e1762274219108.jpg 2001w\" sizes=\"auto, (max-width: 1024px) 100vw, 1024px\"><figcaption class=\"wp-element-caption\">Apple Watch \u2013 Imagem: DenPhotos\/Shutterstock<\/figcaption><\/figure>\n<\/div>\n<p>De acordo com Mark Gurman, a equipe de design da Apple trabalha h\u00e1 algum tempo em uma reconsidera\u00e7\u00e3o mais abrangente dos rel\u00f3gios da empresa. O jornalista avalia que a dimens\u00e3o da mudan\u00e7a em estudo poderia se aproximar do impacto provocado pela futura passagem do iPhone de um formato tradicional para um aparelho dobr\u00e1vel.<\/p>\n<p>A estrat\u00e9gia tamb\u00e9m envolve software e recursos de intelig\u00eancia artificial. A Apple pretende tornar seus dispositivos vest\u00edveis mais orientados por IA e mant\u00e9m planos ambiciosos para reformular o aplicativo Sa\u00fade, ampliando a import\u00e2ncia desse ecossistema dentro de sua estrat\u00e9gia para wearables.<\/p>\n<p>A movimenta\u00e7\u00e3o ocorre enquanto a divis\u00e3o de Wearables, Home and Accessories enfrenta dificuldades para sustentar crescimento nos \u00faltimos anos. A reformula\u00e7\u00e3o do Apple Watch aparece, portanto, como parte de um esfor\u00e7o mais amplo da companhia para recuperar o impulso dessa \u00e1rea.<\/p>\n<p>O calend\u00e1rio da Apple tamb\u00e9m se aproxima de seu principal evento do ano, marcado pela prepara\u00e7\u00e3o para a apresenta\u00e7\u00e3o de novos iPhones em setembro. O momento refor\u00e7a a aten\u00e7\u00e3o sobre a estrat\u00e9gia da companhia para seus produtos, embora os detalhes finais da nova dire\u00e7\u00e3o do Apple Watch ainda n\u00e3o tenham sido definidos.<\/p>\n<p>O post <a href=\"https:\/\/olhardigital.com.br\/2026\/08\/10\/reviews\/apple-watch-pode-deixar-para-tras-o-visual-que-marcou-sua-historia\/\">Apple Watch pode deixar para tr\u00e1s o visual que marcou sua hist\u00f3ria<\/a> apareceu primeiro em <a href=\"https:\/\/olhardigital.com.br\/\">Olhar Digital<\/a>.<\/p>\n<\/div>\n","protected":false},"excerpt":{"rendered":"<p>A Apple estuda uma transforma\u00e7\u00e3o ampla em sua linha de rel\u00f3gios inteligentes, com possibilidades que v\u00e3o de dispositivos sem tela a modelos com diferentes formatos, tamanhos e tecnologias de display. A revis\u00e3o ocorre em meio ao avan\u00e7o de produtos como an\u00e9is inteligentes e rastreadores voltados \u00e0 atividade f\u00edsica. As alternativas fazem parte de uma avalia\u00e7\u00e3o<\/p>\n","protected":false},"author":6,"featured_media":13742,"comment_status":"closed","ping_status":"closed","sticky":false,"template":"","format":"standard","meta":{"fifu_image_url":"https:\/\/olhardigital.com.br\/wp-content\/uploads\/2026\/02\/Apple-Watch-e-Samsung-Galaxy-Watch-1024x576.jpg","fifu_image_alt":"Apple Watch pode deixar para tr\u00e1s o visual que marcou sua hist\u00f3ria","footnotes":""},"categories":[33],"tags":[],"class_list":["post-13741","post","type-post","status-publish","format-standard","has-post-thumbnail","hentry","category-noticias"],"_links":{"self":[{"href":"https:\/\/ilheusnews.com.br\/index.php?rest_route=\/wp\/v2\/posts\/13741","targetHints":{"allow":["GET"]}}],"collection":[{"href":"https:\/\/ilheusnews.com.br\/index.php?rest_route=\/wp\/v2\/posts"}],"about":[{"href":"https:\/\/ilheusnews.com.br\/index.php?rest_route=\/wp\/v2\/types\/post"}],"author":[{"embeddable":true,"href":"https:\/\/ilheusnews.com.br\/index.php?rest_route=\/wp\/v2\/users\/6"}],"replies":[{"embeddable":true,"href":"https:\/\/ilheusnews.com.br\/index.php?rest_route=%2Fwp%2Fv2%2Fcomments&post=13741"}],"version-history":[{"count":0,"href":"https:\/\/ilheusnews.com.br\/index.php?rest_route=\/wp\/v2\/posts\/13741\/revisions"}],"wp:featuredmedia":[{"embeddable":true,"href":"https:\/\/ilheusnews.com.br\/index.php?rest_route=\/wp\/v2\/media\/13742"}],"wp:attachment":[{"href":"https:\/\/ilheusnews.com.br\/index.php?rest_route=%2Fwp%2Fv2%2Fmedia&parent=13741"}],"wp:term":[{"taxonomy":"category","embeddable":true,"href":"https:\/\/ilheusnews.com.br\/index.php?rest_route=%2Fwp%2Fv2%2Fcategories&post=13741"},{"taxonomy":"post_tag","embeddable":true,"href":"https:\/\/ilheusnews.com.br\/index.php?rest_route=%2Fwp%2Fv2%2Ftags&post=13741"}],"curies":[{"name":"wp","href":"https:\/\/api.w.org\/{rel}","templated":true}]}}