{"id":13720,"date":"2026-08-10T18:03:33","date_gmt":"2026-08-10T21:03:33","guid":{"rendered":"https:\/\/ilheusnews.com.br\/?p=13720"},"modified":"2026-08-10T18:03:33","modified_gmt":"2026-08-10T21:03:33","slug":"pablo-roberto-declara-oficialmente-apoio-a-colbert-martins-para-deputado-estadual","status":"publish","type":"post","link":"https:\/\/ilheusnews.com.br\/?p=13720","title":{"rendered":"Pablo Roberto declara oficialmente apoio a Colbert Martins para deputado estadual"},"content":{"rendered":"<div>O secret\u00e1rio de Educa\u00e7\u00e3o de Feira de Santana, Pablo Roberto, declarou apoio \u00e0 candidatura de Colbert Martins a deputado estadual nas elei\u00e7\u00f5es de 2026. O an\u00fancio foi feito durante coletiva de imprensa, aberta por Colbert, que agradeceu a presen\u00e7a dos jornalistas e destacou a import\u00e2ncia da decis\u00e3o para as elei\u00e7\u00f5es deste ano e para o fortalecimento do grupo pol\u00edtico com vistas a 2028. (Foto ilustra\u00e7\u00e3o) Pablo afirmou que, nos \u00faltimos 12 a 14 meses, manteve conversas sobre uma poss\u00edvel candidatura pr\u00f3pria a deputado federal. Segundo ele, o di\u00e1logo com Colbert permaneceu constante, praticamente di\u00e1rio, at\u00e9 a defini\u00e7\u00e3o pelo apoio. Pablo tamb\u00e9m lembrou a participa\u00e7\u00e3o de Colbert em sua elei\u00e7\u00e3o para deputado estadual, em 2022, e destacou que pesquisas, reuni\u00f5es e an\u00e1lises apontaram a viabilidade eleitoral da candidatura de Colbert. \u201cAs pessoas que est\u00e3o comigo e me acompanham sabem que Colbert \u00e9 nosso candidato\u201d, afirmou. Pablo disse ainda que comunicou a decis\u00e3o a Adolfo Viana (PSDB), seu l\u00edder pol\u00edtico e candidato a deputado federal, e refor\u00e7ou que pretende trabalhar para a elei\u00e7\u00e3o de Colbert para a Assembleia Legislativa da Bahia (Alba). Para ele, Feira de Santana conhece a trajet\u00f3ria de Colbert e sabe da import\u00e2ncia de sua atua\u00e7\u00e3o pol\u00edtica. \u201cFaremos tudo aquilo que for poss\u00edvel e estiver ao nosso alcance para eleger Colbert deputado estadual\u201d, declarou.<\/div>\n","protected":false},"excerpt":{"rendered":"<p>O secret\u00e1rio de Educa\u00e7\u00e3o de Feira de Santana, Pablo Roberto, declarou apoio \u00e0 candidatura de Colbert Martins a deputado estadual nas elei\u00e7\u00f5es de 2026. O an\u00fancio foi feito durante coletiva de imprensa, aberta por Colbert, que agradeceu a presen\u00e7a dos jornalistas e destacou a import\u00e2ncia da decis\u00e3o para as elei\u00e7\u00f5es deste ano e para o<\/p>\n","protected":false},"author":8,"featured_media":0,"comment_status":"closed","ping_status":"closed","sticky":false,"template":"","format":"standard","meta":{"fifu_image_url":"","fifu_image_alt":"","footnotes":""},"categories":[33],"tags":[],"class_list":["post-13720","post","type-post","status-publish","format-standard","hentry","category-noticias"],"_links":{"self":[{"href":"https:\/\/ilheusnews.com.br\/index.php?rest_route=\/wp\/v2\/posts\/13720","targetHints":{"allow":["GET"]}}],"collection":[{"href":"https:\/\/ilheusnews.com.br\/index.php?rest_route=\/wp\/v2\/posts"}],"about":[{"href":"https:\/\/ilheusnews.com.br\/index.php?rest_route=\/wp\/v2\/types\/post"}],"author":[{"embeddable":true,"href":"https:\/\/ilheusnews.com.br\/index.php?rest_route=\/wp\/v2\/users\/8"}],"replies":[{"embeddable":true,"href":"https:\/\/ilheusnews.com.br\/index.php?rest_route=%2Fwp%2Fv2%2Fcomments&post=13720"}],"version-history":[{"count":0,"href":"https:\/\/ilheusnews.com.br\/index.php?rest_route=\/wp\/v2\/posts\/13720\/revisions"}],"wp:attachment":[{"href":"https:\/\/ilheusnews.com.br\/index.php?rest_route=%2Fwp%2Fv2%2Fmedia&parent=13720"}],"wp:term":[{"taxonomy":"category","embeddable":true,"href":"https:\/\/ilheusnews.com.br\/index.php?rest_route=%2Fwp%2Fv2%2Fcategories&post=13720"},{"taxonomy":"post_tag","embeddable":true,"href":"https:\/\/ilheusnews.com.br\/index.php?rest_route=%2Fwp%2Fv2%2Ftags&post=13720"}],"curies":[{"name":"wp","href":"https:\/\/api.w.org\/{rel}","templated":true}]}}