{"id":13719,"date":"2026-08-10T18:03:30","date_gmt":"2026-08-10T21:03:30","guid":{"rendered":"https:\/\/ilheusnews.com.br\/?p=13719"},"modified":"2026-08-10T18:03:30","modified_gmt":"2026-08-10T21:03:30","slug":"plenario-analisa-programa-de-incentivo-a-producao-de-fertilizantes-nesta-terca","status":"publish","type":"post","link":"https:\/\/ilheusnews.com.br\/?p=13719","title":{"rendered":"Plen\u00e1rio analisa programa de incentivo \u00e0 produ\u00e7\u00e3o de fertilizantes nesta ter\u00e7a"},"content":{"rendered":"<div>O Plen\u00e1rio tem cinco mat\u00e9rias em pauta na primeira sess\u00e3o deliberativa ap\u00f3s o recesso, a partir de 14h desta ter\u00e7a-feira (11). Entre eles os itens a serem votados, em car\u00e1ter semipresencial, est\u00e1 o substitutivo da C\u00e2mara ao projeto de lei que institui o Programa de Desenvolvimento da Ind\u00fastria de Fertilizantes (Profert). (Foto ilustra\u00e7\u00e3o) A proposta do PL 699\/2023 \u00e9 estimular investimentos na implanta\u00e7\u00e3o, amplia\u00e7\u00e3o e moderniza\u00e7\u00e3o da infraestrutura voltada \u00e0 produ\u00e7\u00e3o nacional de fertilizantes e de seus insumos. De autoria do senador La\u00e9rcio Oliveira (PP-SE), o texto aprovado no Senado em 2024 foi modificado pelos deputados. Segundo a senadora Tereza Cristina (PP-MS), relatora da mat\u00e9ria, al\u00e9m de manter a institui\u00e7\u00e3o do Profert, \u201co substitutivo amplia seu escopo para abranger fertilizantes minerais, sint\u00e9ticos e org\u00e2nicos, bem como bioinsumos, biofertilizantes, remineralizadores e respectivas mat\u00e9rias-primas\u201d. Custas judiciais Tamb\u00e9m est\u00e1 na pauta o PL 429\/2024, que estabelece novas regras para o pagamento de custas judiciais e cria fundos para financiar a Justi\u00e7a Federal e o Superior Tribunal de Justi\u00e7a (STJ). De autoria do pr\u00f3prio tribunal, o projeto recebeu parecer favor\u00e1vel do senador Eduardo Gomes (PL-TO) na forma de um substitutivo. A mat\u00e9ria come\u00e7ou a ser discutida em Plen\u00e1rio pelos senadores em dezembro do ano passado, mas acabou sendo retirada de pauta. Al\u00e9m de tratar da atualiza\u00e7\u00e3o e do reajuste anual das custas judiciais da Justi\u00e7a Federal e do STJ, o texto estabelece o Fundo Especial da Justi\u00e7a Federal (Fejufe) e o Fundo Especial do Superior Tribunal de Justi\u00e7a (Festj). Sem parecer Est\u00e3o pendentes de parecer o PL 1.872\/2025, que cria e estrutura o Fundo de Fortalecimento da Cidadania e Aperfei\u00e7oamento do Minist\u00e9rio P\u00fablico da Uni\u00e3o (FMPU) e o\u00a0PL 1.881\/2025, que institui o Fundo de Fortalecimento do Acesso \u00e0 Justi\u00e7a, Promo\u00e7\u00e3o dos Direitos Fundamentais e Estrutura\u00e7\u00e3o da Defensoria P\u00fablica da Uni\u00e3o. Tamb\u00e9m ainda n\u00e3o tem parecer o PL 3.289\/2026, que altera as regras do Programa de Venda em Balc\u00e3o (ProVB) para incluir mais produtos destinados \u00e0 alimenta\u00e7\u00e3o animal e tamb\u00e9m estabelece a realiza\u00e7\u00e3o de leil\u00f5es p\u00fablicos para formar estoques de produtos agr\u00edcolas. A mat\u00e9ria foi apresentada na C\u00e2mara em 2011, pelo senador Beto faro (PT-PA), quando ainda era deputado. (Ag\u00eancia Senado)<\/div>\n","protected":false},"excerpt":{"rendered":"<p>O Plen\u00e1rio tem cinco mat\u00e9rias em pauta na primeira sess\u00e3o deliberativa ap\u00f3s o recesso, a partir de 14h desta ter\u00e7a-feira (11). Entre eles os itens a serem votados, em car\u00e1ter semipresencial, est\u00e1 o substitutivo da C\u00e2mara ao projeto de lei que institui o Programa de Desenvolvimento da Ind\u00fastria de Fertilizantes (Profert). (Foto ilustra\u00e7\u00e3o) A proposta<\/p>\n","protected":false},"author":8,"featured_media":0,"comment_status":"closed","ping_status":"closed","sticky":false,"template":"","format":"standard","meta":{"fifu_image_url":"","fifu_image_alt":"","footnotes":""},"categories":[33],"tags":[],"class_list":["post-13719","post","type-post","status-publish","format-standard","hentry","category-noticias"],"_links":{"self":[{"href":"https:\/\/ilheusnews.com.br\/index.php?rest_route=\/wp\/v2\/posts\/13719","targetHints":{"allow":["GET"]}}],"collection":[{"href":"https:\/\/ilheusnews.com.br\/index.php?rest_route=\/wp\/v2\/posts"}],"about":[{"href":"https:\/\/ilheusnews.com.br\/index.php?rest_route=\/wp\/v2\/types\/post"}],"author":[{"embeddable":true,"href":"https:\/\/ilheusnews.com.br\/index.php?rest_route=\/wp\/v2\/users\/8"}],"replies":[{"embeddable":true,"href":"https:\/\/ilheusnews.com.br\/index.php?rest_route=%2Fwp%2Fv2%2Fcomments&post=13719"}],"version-history":[{"count":0,"href":"https:\/\/ilheusnews.com.br\/index.php?rest_route=\/wp\/v2\/posts\/13719\/revisions"}],"wp:attachment":[{"href":"https:\/\/ilheusnews.com.br\/index.php?rest_route=%2Fwp%2Fv2%2Fmedia&parent=13719"}],"wp:term":[{"taxonomy":"category","embeddable":true,"href":"https:\/\/ilheusnews.com.br\/index.php?rest_route=%2Fwp%2Fv2%2Fcategories&post=13719"},{"taxonomy":"post_tag","embeddable":true,"href":"https:\/\/ilheusnews.com.br\/index.php?rest_route=%2Fwp%2Fv2%2Ftags&post=13719"}],"curies":[{"name":"wp","href":"https:\/\/api.w.org\/{rel}","templated":true}]}}