{"id":13694,"date":"2026-08-10T12:06:10","date_gmt":"2026-08-10T15:06:10","guid":{"rendered":"https:\/\/ilheusnews.com.br\/?p=13694"},"modified":"2026-08-10T12:06:10","modified_gmt":"2026-08-10T15:06:10","slug":"cnm-promove-capacitacoes-gratuitas-em-salvador-para-fortalecer-a-gestao-dos-municipios","status":"publish","type":"post","link":"https:\/\/ilheusnews.com.br\/?p=13694","title":{"rendered":"CNM promove capacita\u00e7\u00f5es gratuitas em Salvador para fortalecer a gest\u00e3o dos munic\u00edpios"},"content":{"rendered":"<div>A Confedera\u00e7\u00e3o Nacional de Munic\u00edpios (CNM) realiza, nesta segunda-feira, dia 10 de agosto, em Salvador, uma s\u00e9rie de capacita\u00e7\u00f5es gratuitas voltadas \u00e0 qualifica\u00e7\u00e3o de gestores, t\u00e9cnicos e servidores municipais. A iniciativa busca fortalecer a administra\u00e7\u00e3o p\u00fablica local por meio da atualiza\u00e7\u00e3o t\u00e9cnica e da troca de experi\u00eancias em \u00e1reas estrat\u00e9gicas para os munic\u00edpios. (Foto ilustra\u00e7\u00e3o) Os cursos acontecer\u00e3o no Mercure Salvador Rio Vermelho Hotel e s\u00e3o destinados aos munic\u00edpios filiados \u00e0 CNM. A programa\u00e7\u00e3o contempla quatro temas de grande relev\u00e2ncia para a gest\u00e3o municipal: Capta\u00e7\u00e3o de Recursos e Emendas Parlamentares, Cartografia Geot\u00e9cnica de Risco em \u00e2mbito Municipal, Fiscaliza\u00e7\u00e3o do ISSQN e Incrementos de Receita Municipal, al\u00e9m de Turismo Rural Municipalista. As capacita\u00e7\u00f5es t\u00eam como objetivo oferecer ferramentas pr\u00e1ticas para aprimorar a gest\u00e3o p\u00fablica, ampliar a capacidade t\u00e9cnica das equipes municipais e contribuir para o desenvolvimento de pol\u00edticas p\u00fablicas mais eficientes. A CNM orienta que prefeitos e prefeitas incentivem a participa\u00e7\u00e3o de secret\u00e1rios municipais, gestores, t\u00e9cnicos e demais servidores, fortalecendo a qualifica\u00e7\u00e3o das equipes e a capacidade administrativa dos munic\u00edpios. As inscri\u00e7\u00f5es s\u00e3o gratuitas para munic\u00edpios filiados \u00e0 CNM e podem ser realizadas por meio do portal\u00a0conexaocnm.org.br. As vagas s\u00e3o limitadas. Inscri\u00e7\u00f5es:\u00a0conexaocnm.org.br Informa\u00e7\u00f5es:\u00a0contato@conexaocnm.org.br\u00a0| (51) 9 9215-3439. (Ascom\/UPB)<\/div>\n","protected":false},"excerpt":{"rendered":"<p>A Confedera\u00e7\u00e3o Nacional de Munic\u00edpios (CNM) realiza, nesta segunda-feira, dia 10 de agosto, em Salvador, uma s\u00e9rie de capacita\u00e7\u00f5es gratuitas voltadas \u00e0 qualifica\u00e7\u00e3o de gestores, t\u00e9cnicos e servidores municipais. A iniciativa busca fortalecer a administra\u00e7\u00e3o p\u00fablica local por meio da atualiza\u00e7\u00e3o t\u00e9cnica e da troca de experi\u00eancias em \u00e1reas estrat\u00e9gicas para os munic\u00edpios. (Foto ilustra\u00e7\u00e3o)<\/p>\n","protected":false},"author":8,"featured_media":0,"comment_status":"closed","ping_status":"closed","sticky":false,"template":"","format":"standard","meta":{"fifu_image_url":"","fifu_image_alt":"","footnotes":""},"categories":[33],"tags":[],"class_list":["post-13694","post","type-post","status-publish","format-standard","hentry","category-noticias"],"_links":{"self":[{"href":"https:\/\/ilheusnews.com.br\/index.php?rest_route=\/wp\/v2\/posts\/13694","targetHints":{"allow":["GET"]}}],"collection":[{"href":"https:\/\/ilheusnews.com.br\/index.php?rest_route=\/wp\/v2\/posts"}],"about":[{"href":"https:\/\/ilheusnews.com.br\/index.php?rest_route=\/wp\/v2\/types\/post"}],"author":[{"embeddable":true,"href":"https:\/\/ilheusnews.com.br\/index.php?rest_route=\/wp\/v2\/users\/8"}],"replies":[{"embeddable":true,"href":"https:\/\/ilheusnews.com.br\/index.php?rest_route=%2Fwp%2Fv2%2Fcomments&post=13694"}],"version-history":[{"count":0,"href":"https:\/\/ilheusnews.com.br\/index.php?rest_route=\/wp\/v2\/posts\/13694\/revisions"}],"wp:attachment":[{"href":"https:\/\/ilheusnews.com.br\/index.php?rest_route=%2Fwp%2Fv2%2Fmedia&parent=13694"}],"wp:term":[{"taxonomy":"category","embeddable":true,"href":"https:\/\/ilheusnews.com.br\/index.php?rest_route=%2Fwp%2Fv2%2Fcategories&post=13694"},{"taxonomy":"post_tag","embeddable":true,"href":"https:\/\/ilheusnews.com.br\/index.php?rest_route=%2Fwp%2Fv2%2Ftags&post=13694"}],"curies":[{"name":"wp","href":"https:\/\/api.w.org\/{rel}","templated":true}]}}