{"id":13687,"date":"2026-08-10T06:03:01","date_gmt":"2026-08-10T09:03:01","guid":{"rendered":"https:\/\/ilheusnews.com.br\/?p=13687"},"modified":"2026-08-10T06:03:01","modified_gmt":"2026-08-10T09:03:01","slug":"disney-lancamentos-da-semana-10-a-16-de-agosto","status":"publish","type":"post","link":"https:\/\/ilheusnews.com.br\/?p=13687","title":{"rendered":"Disney+: lan\u00e7amentos da semana (10 a 16 de agosto)"},"content":{"rendered":"<div>\n<p>Toda semana, o <strong>Olhar Digital<\/strong> destaca as novidades do Disney+ no <a href=\"https:\/\/olhardigital.com.br\/tag\/brasil\/\" target=\"_blank\" rel=\"noreferrer noopener\">Brasil<\/a>. <strong>Entre os dias 10 e 16 de agosto de 2026<\/strong>, o <a href=\"https:\/\/olhardigital.com.br\/tag\/streaming\/\" target=\"_blank\" rel=\"noreferrer noopener\">streaming<\/a> recebe um novo filme, um especial documental e epis\u00f3dios finais de s\u00e9ries em andamento.<\/p>\n<p>Nesta atualiza\u00e7\u00e3o, o Disney+ recebe o filme <em>Camp Rock 3<\/em> e o especial <em>Travis Barker: Mais Forte que o Medo<\/em>. O cat\u00e1logo tamb\u00e9m ganha novos epis\u00f3dios de <em>F\u00faria<\/em> e os cap\u00edtulos finais de <em>X-Men \u201997<\/em> e <em>Uma Loja Para Assassinos<\/em>.<\/p>\n<h2 class=\"wp-block-heading\" id=\"h-lancamentos-do-disney-de-10-a-16-de-agosto-de-2026\">Lan\u00e7amentos do Disney+ de 10 a 16 de agosto de 2026<\/h2>\n<p>Confira abaixo mais detalhes sobre os <a href=\"https:\/\/olhardigital.com.br\/tag\/lancamentos-da-semana\/\" target=\"_blank\" rel=\"noreferrer noopener\">lan\u00e7amentos da semana<\/a> no Disney+ entre 10 e 16 de agosto de 2026:<\/p>\n<h3 class=\"wp-block-heading\" id=\"h-segunda-feira-10-08\">Segunda-feira \u2013 10\/08<\/h3>\n<ul>\n<li><strong>F\u00faria \u2014 Temporada 1, epis\u00f3dio 5<\/strong>\n<ul>\n<li><em>S\u00e9rie | Original Hulu | Policial | Drama | Suspense | Ano de Produ\u00e7\u00e3o: 2026 (EUA)<\/em><\/li>\n<li>Da criadora Elizabeth Meriwether, <em>F\u00faria<\/em> acompanha a agente do FBI Alice Black (Emmy Rossum) na busca por uma misteriosa e calculista assassina em s\u00e9rie. \u00c0 medida que as duas seguem seus pr\u00f3prios caminhos rumo \u00e0 justi\u00e7a, a linha entre o bem e o mal se torna cada vez mais t\u00eanue.<\/li>\n<\/ul>\n<\/li>\n<\/ul>\n<h3 class=\"wp-block-heading\" id=\"h-quarta-feira-12-08\">Quarta-feira \u2013 12\/08<\/h3>\n<ul>\n<li><strong>X-Men \u201997 \u2014 Temporada 2, epis\u00f3dio 9 (final da temporada)<\/strong>\n<ul>\n<li><em>S\u00e9rie | Original Marvel Animation | Anima\u00e7\u00e3o | A\u00e7\u00e3o | Aventura | Drama | Fic\u00e7\u00e3o cient\u00edfica | Ano de Produ\u00e7\u00e3o: 2026 (EUA e Jap\u00e3o)<\/em><\/li>\n<li>Na segunda temporada de <em>X-Men \u201997<\/em>, a equipe de mutantes est\u00e1 dividida e espalhada por diferentes \u00e9pocas enquanto tenta encontrar o caminho de volta para casa. Ao mesmo tempo, uma nova onda de intoler\u00e2ncia contra os mutantes surge nos anos 1990, obrigando os X-Men a enfrentar novos inimigos e desafios.<\/li>\n<\/ul>\n<\/li>\n<\/ul>\n<ul>\n<li><strong>Uma Loja Para Assassinos \u2014 Temporada 2, epis\u00f3dios 7 e 8 (final da temporada)<\/strong>\n<ul>\n<li><em>S\u00e9rie | Original Hulu | A\u00e7\u00e3o | Drama | Mist\u00e9rio | Suspense | Ano de Produ\u00e7\u00e3o: 2026 (Coreia do Sul)<\/em><\/li>\n<li>Agora que Jian est\u00e1 no comando da loja e Jinman foi ressuscitado, a equipe enfrenta a organiza\u00e7\u00e3o Babylon, determinada a acabar com a amea\u00e7a de uma vez por todas. Humilhada e em desvantagem, a organiza\u00e7\u00e3o mercen\u00e1ria busca ajuda no exterior, enviando uma nova onda de assassinos letais para reerguer suas for\u00e7as e se vingar.<\/li>\n<\/ul>\n<\/li>\n<\/ul>\n<h3 class=\"wp-block-heading\" id=\"h-quinta-feira-13-08\">Quinta-feira \u2013 13\/08<\/h3>\n<ul>\n<li><strong>Travis Barker: Mais Forte que o Medo<\/strong>\n<ul>\n<li><em>Especial | Original Hulu | Document\u00e1rio | Musical | Ano de Produ\u00e7\u00e3o: 2026 (EUA)<\/em><\/li>\n<li>Ap\u00f3s sobreviver a um devastador acidente a\u00e9reo que quase lhe custou a vida, o baterista Travis Barker embarca em uma jornada de reconstru\u00e7\u00e3o pessoal e profissional. O document\u00e1rio relembra sua ascens\u00e3o com o Blink-182, os desafios enfrentados ap\u00f3s o acidente e os momentos que marcaram sua trajet\u00f3ria, revelando o homem por tr\u00e1s da fama e das tatuagens.<\/li>\n<\/ul>\n<\/li>\n<\/ul>\n<h3 class=\"wp-block-heading\" id=\"h-sexta-feira-14-08\">Sexta-feira \u2013 14\/08<\/h3>\n<figure class=\"wp-block-embed is-type-video is-provider-youtube wp-block-embed-youtube wp-embed-aspect-16-9 wp-has-aspect-ratio\">\n<div class=\"wp-block-embed__wrapper\">\n<iframe loading=\"lazy\" title=\"Camp Rock 3 | Trailer Oficial Legendado | Disney+\" width=\"500\" height=\"281\" src=\"https:\/\/www.youtube.com\/embed\/Fl2KkXF-ZCg?feature=oembed\" frameborder=\"0\" allow=\"accelerometer; autoplay; clipboard-write; encrypted-media; gyroscope; picture-in-picture; web-share\" referrerpolicy=\"strict-origin-when-cross-origin\" allowfullscreen><\/iframe>\n<\/div>\n<\/figure>\n<ul>\n<li><strong>Camp Rock 3<\/strong>\n<ul>\n<li><em>Filme | Original Disney | Com\u00e9dia | Drama | Fam\u00edlia | Musical | Ano de Produ\u00e7\u00e3o: 2026 (Reino Unido, Canad\u00e1 e EUA)<\/em><\/li>\n<li>Em <em>Camp Rock 3<\/em>, a banda Connect 3 perde a atra\u00e7\u00e3o de abertura de sua turn\u00ea de reencontro e retorna ao tradicional acampamento musical em busca da pr\u00f3xima grande estrela. Enquanto os campistas disputam a oportunidade de subir ao palco ao lado de seus \u00eddolos, rivalidades, romances e alian\u00e7as inesperadas colocam amizades \u00e0 prova.<\/li>\n<\/ul>\n<\/li>\n<\/ul>\n<h2 class=\"wp-block-heading\" id=\"h-esportes-da-espn-no-disney\">Esportes da ESPN no Disney+<\/h2>\n<ul>\n<li><strong>CONMEBOL Libertadores:<\/strong> as oitavas de final ser\u00e3o disputadas entre os dias 11 e 20 de agosto;<\/li>\n<li><strong>Copa Sul-Americana:<\/strong> as oitavas de final acontecem entre os dias 12 e 19 de agosto;<\/li>\n<li><strong>Campeonato Brasileiro S\u00e9rie B:<\/strong> durante o m\u00eas ser\u00e3o disputadas as rodadas 21 a 25 da competi\u00e7\u00e3o;<\/li>\n<li><strong>T\u00eanis:<\/strong> agosto tem como destaques o ATP Masters 1000 de Montreal, o ATP Masters 1000 de Cincinnati e o WTA 1000 de Toronto. No fim do m\u00eas, come\u00e7a o US Open, \u00faltimo Grand Slam da temporada;<\/li>\n<li><strong>MotoGP:<\/strong> o GP da \u00c1ustria ser\u00e1 disputado entre os dias 14 e 16 de agosto.<\/li>\n<\/ul>\n<p>O post <a href=\"https:\/\/olhardigital.com.br\/2026\/08\/10\/cinema-e-streaming\/disney-lancamentos-da-semana-10-a-16-de-agosto\/\">Disney+: lan\u00e7amentos da semana (10 a 16 de agosto)<\/a> apareceu primeiro em <a href=\"https:\/\/olhardigital.com.br\/\">Olhar Digital<\/a>.<\/p>\n<\/div>\n","protected":false},"excerpt":{"rendered":"<p>Toda semana, o Olhar Digital destaca as novidades do Disney+ no Brasil. Entre os dias 10 e 16 de agosto de 2026, o streaming recebe um novo filme, um especial documental e epis\u00f3dios finais de s\u00e9ries em andamento. Nesta atualiza\u00e7\u00e3o, o Disney+ recebe o filme Camp Rock 3 e o especial Travis Barker: Mais Forte<\/p>\n","protected":false},"author":6,"featured_media":0,"comment_status":"closed","ping_status":"closed","sticky":false,"template":"","format":"standard","meta":{"fifu_image_url":"","fifu_image_alt":"","footnotes":""},"categories":[33],"tags":[],"class_list":["post-13687","post","type-post","status-publish","format-standard","hentry","category-noticias"],"_links":{"self":[{"href":"https:\/\/ilheusnews.com.br\/index.php?rest_route=\/wp\/v2\/posts\/13687","targetHints":{"allow":["GET"]}}],"collection":[{"href":"https:\/\/ilheusnews.com.br\/index.php?rest_route=\/wp\/v2\/posts"}],"about":[{"href":"https:\/\/ilheusnews.com.br\/index.php?rest_route=\/wp\/v2\/types\/post"}],"author":[{"embeddable":true,"href":"https:\/\/ilheusnews.com.br\/index.php?rest_route=\/wp\/v2\/users\/6"}],"replies":[{"embeddable":true,"href":"https:\/\/ilheusnews.com.br\/index.php?rest_route=%2Fwp%2Fv2%2Fcomments&post=13687"}],"version-history":[{"count":0,"href":"https:\/\/ilheusnews.com.br\/index.php?rest_route=\/wp\/v2\/posts\/13687\/revisions"}],"wp:attachment":[{"href":"https:\/\/ilheusnews.com.br\/index.php?rest_route=%2Fwp%2Fv2%2Fmedia&parent=13687"}],"wp:term":[{"taxonomy":"category","embeddable":true,"href":"https:\/\/ilheusnews.com.br\/index.php?rest_route=%2Fwp%2Fv2%2Fcategories&post=13687"},{"taxonomy":"post_tag","embeddable":true,"href":"https:\/\/ilheusnews.com.br\/index.php?rest_route=%2Fwp%2Fv2%2Ftags&post=13687"}],"curies":[{"name":"wp","href":"https:\/\/api.w.org\/{rel}","templated":true}]}}