{"id":13684,"date":"2026-08-10T06:02:57","date_gmt":"2026-08-10T09:02:57","guid":{"rendered":"https:\/\/ilheusnews.com.br\/?p=13684"},"modified":"2026-08-10T06:02:57","modified_gmt":"2026-08-10T09:02:57","slug":"ditr-2026-declaracao-comeca-em-agosto-e-produtores-rurais-devem-se-preparar","status":"publish","type":"post","link":"https:\/\/ilheusnews.com.br\/?p=13684","title":{"rendered":"DITR 2026: declara\u00e7\u00e3o come\u00e7a em agosto e produtores rurais devem se preparar"},"content":{"rendered":"<div>A Receita Federal abre, em 10 de agosto, o prazo para entrega da Declara\u00e7\u00e3o do Imposto sobre a Propriedade Territorial Rural (DITR) 2026, que poder\u00e1 ser enviada at\u00e9 30 de setembro, \u00e0s 23h59min59 (hor\u00e1rio de Bras\u00edlia). Neste ano, al\u00e9m do cumprimento da obriga\u00e7\u00e3o acess\u00f3ria, produtores rurais devem ficar atentos \u00e0s mudan\u00e7as no envio da declara\u00e7\u00e3o, que passa a contar com uma vers\u00e3o totalmente web. (Foto ilustra\u00e7\u00e3o) As regras da DITR 2026 foram estabelecidas pela\u00a0Instru\u00e7\u00e3o Normativa RFB n\u00ba 2.330\/2026, que tamb\u00e9m modernizou o processo de transmiss\u00e3o da declara\u00e7\u00e3o, eliminando a necessidade de instala\u00e7\u00e3o de programas para a maior parte dos contribuintes. Quem deve apresentar a DITR A declara\u00e7\u00e3o \u00e9 obrigat\u00f3ria para pessoas f\u00edsicas e jur\u00eddicas que, na data da entrega, sejam: \u2013 Propriet\u00e1rias de im\u00f3vel rural; \u2013 Titulares do dom\u00ednio \u00fatil; \u2013 Possuidoras do im\u00f3vel rural a qualquer t\u00edtulo. A obriga\u00e7\u00e3o n\u00e3o se aplica apenas aos im\u00f3veis enquadrados nas hip\u00f3teses de imunidade ou isen\u00e7\u00e3o previstas em lei. (S\u00e2mara Azevedo)<\/div>\n","protected":false},"excerpt":{"rendered":"<p>A Receita Federal abre, em 10 de agosto, o prazo para entrega da Declara\u00e7\u00e3o do Imposto sobre a Propriedade Territorial Rural (DITR) 2026, que poder\u00e1 ser enviada at\u00e9 30 de setembro, \u00e0s 23h59min59 (hor\u00e1rio de Bras\u00edlia). Neste ano, al\u00e9m do cumprimento da obriga\u00e7\u00e3o acess\u00f3ria, produtores rurais devem ficar atentos \u00e0s mudan\u00e7as no envio da declara\u00e7\u00e3o,<\/p>\n","protected":false},"author":8,"featured_media":0,"comment_status":"closed","ping_status":"closed","sticky":false,"template":"","format":"standard","meta":{"fifu_image_url":"","fifu_image_alt":"","footnotes":""},"categories":[33],"tags":[],"class_list":["post-13684","post","type-post","status-publish","format-standard","hentry","category-noticias"],"_links":{"self":[{"href":"https:\/\/ilheusnews.com.br\/index.php?rest_route=\/wp\/v2\/posts\/13684","targetHints":{"allow":["GET"]}}],"collection":[{"href":"https:\/\/ilheusnews.com.br\/index.php?rest_route=\/wp\/v2\/posts"}],"about":[{"href":"https:\/\/ilheusnews.com.br\/index.php?rest_route=\/wp\/v2\/types\/post"}],"author":[{"embeddable":true,"href":"https:\/\/ilheusnews.com.br\/index.php?rest_route=\/wp\/v2\/users\/8"}],"replies":[{"embeddable":true,"href":"https:\/\/ilheusnews.com.br\/index.php?rest_route=%2Fwp%2Fv2%2Fcomments&post=13684"}],"version-history":[{"count":0,"href":"https:\/\/ilheusnews.com.br\/index.php?rest_route=\/wp\/v2\/posts\/13684\/revisions"}],"wp:attachment":[{"href":"https:\/\/ilheusnews.com.br\/index.php?rest_route=%2Fwp%2Fv2%2Fmedia&parent=13684"}],"wp:term":[{"taxonomy":"category","embeddable":true,"href":"https:\/\/ilheusnews.com.br\/index.php?rest_route=%2Fwp%2Fv2%2Fcategories&post=13684"},{"taxonomy":"post_tag","embeddable":true,"href":"https:\/\/ilheusnews.com.br\/index.php?rest_route=%2Fwp%2Fv2%2Ftags&post=13684"}],"curies":[{"name":"wp","href":"https:\/\/api.w.org\/{rel}","templated":true}]}}