{"id":13637,"date":"2026-08-08T18:00:50","date_gmt":"2026-08-08T21:00:50","guid":{"rendered":"https:\/\/ilheusnews.com.br\/?p=13637"},"modified":"2026-08-08T18:00:50","modified_gmt":"2026-08-08T21:00:50","slug":"anage-tem-investigacoes-ampliadas-sobre-contratos-combustiveis-e-possivel-irregularidade-envolvendo-servidor","status":"publish","type":"post","link":"https:\/\/ilheusnews.com.br\/?p=13637","title":{"rendered":"Anag\u00e9 tem investiga\u00e7\u00f5es ampliadas sobre contratos, combust\u00edveis e poss\u00edvel irregularidade envolvendo servidor"},"content":{"rendered":"<div>O munic\u00edpio de Anag\u00e9, no sudoeste da Bahia, segue no radar do Minist\u00e9rio P\u00fablico com duas apura\u00e7\u00f5es envolvendo a administra\u00e7\u00e3o p\u00fablica. Um dos procedimentos, que investiga poss\u00edveis irregularidades em contrata\u00e7\u00f5es, despesas com combust\u00edveis, atos de improbidade administrativa, dano ao er\u00e1rio, nepotismo e supostas viola\u00e7\u00f5es aos princ\u00edpios da gest\u00e3o p\u00fablica, teve o prazo de tramita\u00e7\u00e3o prorrogado para continuidade das dilig\u00eancias. A investiga\u00e7\u00e3o foi mantida aberta pela Promotoria de Justi\u00e7a de Anag\u00e9 devido \u00e0 necessidade de aprofundamento da coleta de informa\u00e7\u00f5es para esclarecer os fatos. O procedimento busca verificar eventuais irregularidades relacionadas \u00e0 gest\u00e3o administrativa do munic\u00edpio. Al\u00e9m disso, a Promotoria instaurou um novo inqu\u00e9rito civil para apurar poss\u00edvel v\u00ednculo remunerado irregular envolvendo o ex-servidor Ricardo dos Santos Nolasco. A apura\u00e7\u00e3o investiga ind\u00edcios de incompatibilidade entre o cargo ocupado formalmente e as atividades desempenhadas, com poss\u00edvel preju\u00edzo aos cofres p\u00fablicos e viola\u00e7\u00e3o aos princ\u00edpios da administra\u00e7\u00e3o. (Da Reda\u00e7\u00e3o\/foto ilustra\u00e7\u00e3o)<\/div>\n","protected":false},"excerpt":{"rendered":"<p>O munic\u00edpio de Anag\u00e9, no sudoeste da Bahia, segue no radar do Minist\u00e9rio P\u00fablico com duas apura\u00e7\u00f5es envolvendo a administra\u00e7\u00e3o p\u00fablica. Um dos procedimentos, que investiga poss\u00edveis irregularidades em contrata\u00e7\u00f5es, despesas com combust\u00edveis, atos de improbidade administrativa, dano ao er\u00e1rio, nepotismo e supostas viola\u00e7\u00f5es aos princ\u00edpios da gest\u00e3o p\u00fablica, teve o prazo de tramita\u00e7\u00e3o prorrogado<\/p>\n","protected":false},"author":8,"featured_media":0,"comment_status":"closed","ping_status":"closed","sticky":false,"template":"","format":"standard","meta":{"fifu_image_url":"","fifu_image_alt":"","footnotes":""},"categories":[33],"tags":[],"class_list":["post-13637","post","type-post","status-publish","format-standard","hentry","category-noticias"],"_links":{"self":[{"href":"https:\/\/ilheusnews.com.br\/index.php?rest_route=\/wp\/v2\/posts\/13637","targetHints":{"allow":["GET"]}}],"collection":[{"href":"https:\/\/ilheusnews.com.br\/index.php?rest_route=\/wp\/v2\/posts"}],"about":[{"href":"https:\/\/ilheusnews.com.br\/index.php?rest_route=\/wp\/v2\/types\/post"}],"author":[{"embeddable":true,"href":"https:\/\/ilheusnews.com.br\/index.php?rest_route=\/wp\/v2\/users\/8"}],"replies":[{"embeddable":true,"href":"https:\/\/ilheusnews.com.br\/index.php?rest_route=%2Fwp%2Fv2%2Fcomments&post=13637"}],"version-history":[{"count":0,"href":"https:\/\/ilheusnews.com.br\/index.php?rest_route=\/wp\/v2\/posts\/13637\/revisions"}],"wp:attachment":[{"href":"https:\/\/ilheusnews.com.br\/index.php?rest_route=%2Fwp%2Fv2%2Fmedia&parent=13637"}],"wp:term":[{"taxonomy":"category","embeddable":true,"href":"https:\/\/ilheusnews.com.br\/index.php?rest_route=%2Fwp%2Fv2%2Fcategories&post=13637"},{"taxonomy":"post_tag","embeddable":true,"href":"https:\/\/ilheusnews.com.br\/index.php?rest_route=%2Fwp%2Fv2%2Ftags&post=13637"}],"curies":[{"name":"wp","href":"https:\/\/api.w.org\/{rel}","templated":true}]}}