{"id":13636,"date":"2026-08-08T18:00:47","date_gmt":"2026-08-08T21:00:47","guid":{"rendered":"https:\/\/ilheusnews.com.br\/?p=13636"},"modified":"2026-08-08T18:00:47","modified_gmt":"2026-08-08T21:00:47","slug":"caraibas-ex-prefeito-jones-dias-e-alvo-de-investigacao-sobre-possivel-dano-ao-erario","status":"publish","type":"post","link":"https:\/\/ilheusnews.com.br\/?p=13636","title":{"rendered":"Cara\u00edbas: Ex-prefeito Jones Dias \u00e9 alvo de investiga\u00e7\u00e3o sobre poss\u00edvel dano ao er\u00e1rio"},"content":{"rendered":"<div>O ex-prefeito de Cara\u00edbas, Jones Coelho Dias (foto ilustra\u00e7\u00e3o), ser\u00e1 investigado pelo Minist\u00e9rio P\u00fablico por poss\u00edveis atos de improbidade administrativa e eventuais preju\u00edzos aos cofres p\u00fablicos durante sua gest\u00e3o. O inqu\u00e9rito civil instaurado pela Promotoria de Justi\u00e7a de Anag\u00e9 busca apurar uma s\u00e9rie de fatos relacionados \u00e0 transi\u00e7\u00e3o de governo, previd\u00eancia municipal, frota de ve\u00edculos e destina\u00e7\u00e3o de patrim\u00f4nio p\u00fablico. Entre os pontos investigados est\u00e3o a suposta omiss\u00e3o na transi\u00e7\u00e3o administrativa, com alegado bloqueio e exclus\u00e3o de bancos de dados dos sistemas p\u00fablicos municipais; o poss\u00edvel n\u00e3o recolhimento de contribui\u00e7\u00f5es previdenci\u00e1rias ao CAPREVAC entre julho de 2022 e outubro de 2024; al\u00e9m do paradeiro de 29 ve\u00edculos da frota municipal e as condi\u00e7\u00f5es de conserva\u00e7\u00e3o dos outros 41 ve\u00edculos remanescentes. A apura\u00e7\u00e3o tamb\u00e9m envolve a regularidade da doa\u00e7\u00e3o e utiliza\u00e7\u00e3o de uma p\u00e1 carregadeira repassada pela Codevasf para uma associa\u00e7\u00e3o comunit\u00e1ria. O procedimento ter\u00e1 prazo inicial de um ano para conclus\u00e3o das dilig\u00eancias. A investiga\u00e7\u00e3o foi instaurada pela promotora de Justi\u00e7a, Samira Jorge, e pretende verificar se houve viola\u00e7\u00e3o aos princ\u00edpios da administra\u00e7\u00e3o p\u00fablica, dano ao er\u00e1rio ou outras irregularidades administrativas relacionadas \u00e0 gest\u00e3o do ex-prefeito Jhones Dias. (Da Reda\u00e7\u00e3o)<\/div>\n","protected":false},"excerpt":{"rendered":"<p>O ex-prefeito de Cara\u00edbas, Jones Coelho Dias (foto ilustra\u00e7\u00e3o), ser\u00e1 investigado pelo Minist\u00e9rio P\u00fablico por poss\u00edveis atos de improbidade administrativa e eventuais preju\u00edzos aos cofres p\u00fablicos durante sua gest\u00e3o. O inqu\u00e9rito civil instaurado pela Promotoria de Justi\u00e7a de Anag\u00e9 busca apurar uma s\u00e9rie de fatos relacionados \u00e0 transi\u00e7\u00e3o de governo, previd\u00eancia municipal, frota de ve\u00edculos<\/p>\n","protected":false},"author":8,"featured_media":0,"comment_status":"closed","ping_status":"closed","sticky":false,"template":"","format":"standard","meta":{"fifu_image_url":"","fifu_image_alt":"","footnotes":""},"categories":[33],"tags":[],"class_list":["post-13636","post","type-post","status-publish","format-standard","hentry","category-noticias"],"_links":{"self":[{"href":"https:\/\/ilheusnews.com.br\/index.php?rest_route=\/wp\/v2\/posts\/13636","targetHints":{"allow":["GET"]}}],"collection":[{"href":"https:\/\/ilheusnews.com.br\/index.php?rest_route=\/wp\/v2\/posts"}],"about":[{"href":"https:\/\/ilheusnews.com.br\/index.php?rest_route=\/wp\/v2\/types\/post"}],"author":[{"embeddable":true,"href":"https:\/\/ilheusnews.com.br\/index.php?rest_route=\/wp\/v2\/users\/8"}],"replies":[{"embeddable":true,"href":"https:\/\/ilheusnews.com.br\/index.php?rest_route=%2Fwp%2Fv2%2Fcomments&post=13636"}],"version-history":[{"count":0,"href":"https:\/\/ilheusnews.com.br\/index.php?rest_route=\/wp\/v2\/posts\/13636\/revisions"}],"wp:attachment":[{"href":"https:\/\/ilheusnews.com.br\/index.php?rest_route=%2Fwp%2Fv2%2Fmedia&parent=13636"}],"wp:term":[{"taxonomy":"category","embeddable":true,"href":"https:\/\/ilheusnews.com.br\/index.php?rest_route=%2Fwp%2Fv2%2Fcategories&post=13636"},{"taxonomy":"post_tag","embeddable":true,"href":"https:\/\/ilheusnews.com.br\/index.php?rest_route=%2Fwp%2Fv2%2Ftags&post=13636"}],"curies":[{"name":"wp","href":"https:\/\/api.w.org\/{rel}","templated":true}]}}