{"id":13634,"date":"2026-08-08T18:00:40","date_gmt":"2026-08-08T21:00:40","guid":{"rendered":"https:\/\/ilheusnews.com.br\/?p=13634"},"modified":"2026-08-08T18:00:40","modified_gmt":"2026-08-08T21:00:40","slug":"feira-de-santana-embasa-e-multada-por-nao-recuperar-pavimento-apos-intervencoes","status":"publish","type":"post","link":"https:\/\/ilheusnews.com.br\/?p=13634","title":{"rendered":"Feira de Santana: Embasa \u00e9 multada por n\u00e3o recuperar pavimento ap\u00f3s interven\u00e7\u00f5es"},"content":{"rendered":"<div>A Empresa Baiana de \u00c1guas e Saneamento (Embasa) foi penalizada por n\u00e3o cumprir uma determina\u00e7\u00e3o para recupera\u00e7\u00e3o de pavimento em uma via de Feira de Santana. A decis\u00e3o da Ag\u00eancia Reguladora de Feira de Santana manteve a multa aplicada \u00e0 concession\u00e1ria ap\u00f3s o indeferimento da defesa apresentada pela empresa. De acordo com a decis\u00e3o, a Embasa havia sido notificada e advertida para realizar o servi\u00e7o de recomposi\u00e7\u00e3o do pavimento, mas o prazo estabelecido n\u00e3o foi atendido. A penalidade permanece no valor definido no auto de infra\u00e7\u00e3o n\u00ba 005\/2026 e poder\u00e1 sofrer acr\u00e9scimos caso a recupera\u00e7\u00e3o da via continue pendente. A decis\u00e3o foi assinada pelo diretor-presidente da Ag\u00eancia Reguladora, Carlos Alberto Moura Pinho (foto ilustra\u00e7\u00e3o). O \u00f3rg\u00e3o regulador informou que a medida busca garantir o cumprimento das obriga\u00e7\u00f5es previstas para empresas que realizam interven\u00e7\u00f5es em \u00e1reas p\u00fablicas do munic\u00edpio. O valor da multa n\u00e3o foi revelado. (Da Reda\u00e7\u00e3o)<\/div>\n","protected":false},"excerpt":{"rendered":"<p>A Empresa Baiana de \u00c1guas e Saneamento (Embasa) foi penalizada por n\u00e3o cumprir uma determina\u00e7\u00e3o para recupera\u00e7\u00e3o de pavimento em uma via de Feira de Santana. A decis\u00e3o da Ag\u00eancia Reguladora de Feira de Santana manteve a multa aplicada \u00e0 concession\u00e1ria ap\u00f3s o indeferimento da defesa apresentada pela empresa. De acordo com a decis\u00e3o, a<\/p>\n","protected":false},"author":8,"featured_media":0,"comment_status":"closed","ping_status":"closed","sticky":false,"template":"","format":"standard","meta":{"fifu_image_url":"","fifu_image_alt":"","footnotes":""},"categories":[33],"tags":[],"class_list":["post-13634","post","type-post","status-publish","format-standard","hentry","category-noticias"],"_links":{"self":[{"href":"https:\/\/ilheusnews.com.br\/index.php?rest_route=\/wp\/v2\/posts\/13634","targetHints":{"allow":["GET"]}}],"collection":[{"href":"https:\/\/ilheusnews.com.br\/index.php?rest_route=\/wp\/v2\/posts"}],"about":[{"href":"https:\/\/ilheusnews.com.br\/index.php?rest_route=\/wp\/v2\/types\/post"}],"author":[{"embeddable":true,"href":"https:\/\/ilheusnews.com.br\/index.php?rest_route=\/wp\/v2\/users\/8"}],"replies":[{"embeddable":true,"href":"https:\/\/ilheusnews.com.br\/index.php?rest_route=%2Fwp%2Fv2%2Fcomments&post=13634"}],"version-history":[{"count":0,"href":"https:\/\/ilheusnews.com.br\/index.php?rest_route=\/wp\/v2\/posts\/13634\/revisions"}],"wp:attachment":[{"href":"https:\/\/ilheusnews.com.br\/index.php?rest_route=%2Fwp%2Fv2%2Fmedia&parent=13634"}],"wp:term":[{"taxonomy":"category","embeddable":true,"href":"https:\/\/ilheusnews.com.br\/index.php?rest_route=%2Fwp%2Fv2%2Fcategories&post=13634"},{"taxonomy":"post_tag","embeddable":true,"href":"https:\/\/ilheusnews.com.br\/index.php?rest_route=%2Fwp%2Fv2%2Ftags&post=13634"}],"curies":[{"name":"wp","href":"https:\/\/api.w.org\/{rel}","templated":true}]}}