{"id":13633,"date":"2026-08-08T12:01:22","date_gmt":"2026-08-08T15:01:22","guid":{"rendered":"https:\/\/ilheusnews.com.br\/?p=13633"},"modified":"2026-08-08T12:01:22","modified_gmt":"2026-08-08T15:01:22","slug":"feira-de-santana-consorcio-e-convocado-para-prova-de-conceito-da-zona-azul","status":"publish","type":"post","link":"https:\/\/ilheusnews.com.br\/?p=13633","title":{"rendered":"Feira de Santana: Cons\u00f3rcio \u00e9 convocado para prova de conceito da Zona Azul"},"content":{"rendered":"<div>A Prefeitura de Feira de Santana convocou o Cons\u00f3rcio ZAD de Feira de Santana para a etapa de prova de conceito da licita\u00e7\u00e3o que prev\u00ea a implanta\u00e7\u00e3o, opera\u00e7\u00e3o e gerenciamento do sistema de estacionamento rotativo pago em \u00e1reas p\u00fablicas do munic\u00edpio. A convoca\u00e7\u00e3o determina que o grupo apresente equipamentos e sistemas como amostra t\u00e9cnica, conforme as regras previstas no edital da concorr\u00eancia p\u00fablica n\u00ba 61-2024-CP. O cons\u00f3rcio \u00e9 formado pelas empresas Primeira Estacionamento Ltda, Eysa Estacionamento e Servi\u00e7os Unipessoal Ltda e MOB Parking Ltda. A fase de prova de conceito ocorre ap\u00f3s a habilita\u00e7\u00e3o do grupo para seguir no certame. Em julho de 2026, a comiss\u00e3o especial de contrata\u00e7\u00e3o j\u00e1 havia informado que o Cons\u00f3rcio ZAD estava apto para a abertura do Envelope 2, referente \u00e0 proposta t\u00e9cnica. A licita\u00e7\u00e3o prev\u00ea uma concess\u00e3o comum onerosa para implanta\u00e7\u00e3o de um modelo de estacionamento rotativo pago, incluindo tecnologia, opera\u00e7\u00e3o, manuten\u00e7\u00e3o e gerenciamento das vagas em logradouros p\u00fablicos e \u00e1reas pertencentes ao munic\u00edpio. O processo teve in\u00edcio em 2024 e passou por an\u00e1lise de documentos e questionamentos apresentados por empresas interessadas antes da continuidade das etapas. (Da Reda\u00e7\u00e3o)<\/div>\n","protected":false},"excerpt":{"rendered":"<p>A Prefeitura de Feira de Santana convocou o Cons\u00f3rcio ZAD de Feira de Santana para a etapa de prova de conceito da licita\u00e7\u00e3o que prev\u00ea a implanta\u00e7\u00e3o, opera\u00e7\u00e3o e gerenciamento do sistema de estacionamento rotativo pago em \u00e1reas p\u00fablicas do munic\u00edpio. A convoca\u00e7\u00e3o determina que o grupo apresente equipamentos e sistemas como amostra t\u00e9cnica, conforme<\/p>\n","protected":false},"author":8,"featured_media":0,"comment_status":"closed","ping_status":"closed","sticky":false,"template":"","format":"standard","meta":{"fifu_image_url":"","fifu_image_alt":"","footnotes":""},"categories":[33],"tags":[],"class_list":["post-13633","post","type-post","status-publish","format-standard","hentry","category-noticias"],"_links":{"self":[{"href":"https:\/\/ilheusnews.com.br\/index.php?rest_route=\/wp\/v2\/posts\/13633","targetHints":{"allow":["GET"]}}],"collection":[{"href":"https:\/\/ilheusnews.com.br\/index.php?rest_route=\/wp\/v2\/posts"}],"about":[{"href":"https:\/\/ilheusnews.com.br\/index.php?rest_route=\/wp\/v2\/types\/post"}],"author":[{"embeddable":true,"href":"https:\/\/ilheusnews.com.br\/index.php?rest_route=\/wp\/v2\/users\/8"}],"replies":[{"embeddable":true,"href":"https:\/\/ilheusnews.com.br\/index.php?rest_route=%2Fwp%2Fv2%2Fcomments&post=13633"}],"version-history":[{"count":0,"href":"https:\/\/ilheusnews.com.br\/index.php?rest_route=\/wp\/v2\/posts\/13633\/revisions"}],"wp:attachment":[{"href":"https:\/\/ilheusnews.com.br\/index.php?rest_route=%2Fwp%2Fv2%2Fmedia&parent=13633"}],"wp:term":[{"taxonomy":"category","embeddable":true,"href":"https:\/\/ilheusnews.com.br\/index.php?rest_route=%2Fwp%2Fv2%2Fcategories&post=13633"},{"taxonomy":"post_tag","embeddable":true,"href":"https:\/\/ilheusnews.com.br\/index.php?rest_route=%2Fwp%2Fv2%2Ftags&post=13633"}],"curies":[{"name":"wp","href":"https:\/\/api.w.org\/{rel}","templated":true}]}}