{"id":13631,"date":"2026-08-08T12:01:17","date_gmt":"2026-08-08T15:01:17","guid":{"rendered":"https:\/\/ilheusnews.com.br\/?p=13631"},"modified":"2026-08-08T12:01:17","modified_gmt":"2026-08-08T15:01:17","slug":"dispensario-santana-e-pressionado-a-corrigir-falhas-apos-fiscalizacao-do-mp","status":"publish","type":"post","link":"https:\/\/ilheusnews.com.br\/?p=13631","title":{"rendered":"Dispens\u00e1rio Santana \u00e9 pressionado a corrigir falhas ap\u00f3s fiscaliza\u00e7\u00e3o do MP"},"content":{"rendered":"<div>O Dispens\u00e1rio Santana (institui\u00e7\u00e3o de longa perman\u00eancia para pessoas idosas) foi alvo de uma recomenda\u00e7\u00e3o do Minist\u00e9rio P\u00fablico ap\u00f3s uma inspe\u00e7\u00e3o t\u00e9cnica identificar uma s\u00e9rie de irregularidades estruturais, operacionais e documentais no funcionamento do local. O relat\u00f3rio apontou problemas que, segundo o \u00f3rg\u00e3o, comprometem a seguran\u00e7a, a qualidade do atendimento e os direitos das pessoas idosas acolhidas. Entre as falhas identificadas est\u00e3o a aus\u00eancia de alvar\u00e1 de funcionamento e do auto de vistoria do Corpo de Bombeiros, n\u00famero insuficiente de cuidadores no per\u00edodo noturno, falta de adequa\u00e7\u00f5es de acessibilidade, problemas na organiza\u00e7\u00e3o da cozinha e da despensa, al\u00e9m de desabastecimento de medicamentos de uso cont\u00ednuo. O Minist\u00e9rio P\u00fablico determinou que a institui\u00e7\u00e3o apresente documentos e execute medidas corretivas em prazos que chegam a 120 dias, sob risco de ado\u00e7\u00e3o de medidas judiciais, incluindo pedido de interdi\u00e7\u00e3o parcial ou total do estabelecimento. A recomenda\u00e7\u00e3o foi assinada pelo promotor de Justi\u00e7a, Geraldo Zimar de S\u00e1 J\u00fanior, e tamb\u00e9m cobra atua\u00e7\u00e3o da Vigil\u00e2ncia Sanit\u00e1ria e da Secretaria Municipal de Sa\u00fade de Feira de Santana para fiscaliza\u00e7\u00e3o e garantia do fornecimento regular de medicamentos aos idosos atendidos. O caso do Dispens\u00e1rio Santana ocorre ap\u00f3s o Lar do Irm\u00e3o Velho, outra institui\u00e7\u00e3o de longa perman\u00eancia do munic\u00edpio, tamb\u00e9m receber recomenda\u00e7\u00f5es do Minist\u00e9rio P\u00fablico para corrigir problemas identificados em inspe\u00e7\u00f5es. (Da Reda\u00e7\u00e3o\/foto ilustra\u00e7\u00e3o)<\/div>\n","protected":false},"excerpt":{"rendered":"<p>O Dispens\u00e1rio Santana (institui\u00e7\u00e3o de longa perman\u00eancia para pessoas idosas) foi alvo de uma recomenda\u00e7\u00e3o do Minist\u00e9rio P\u00fablico ap\u00f3s uma inspe\u00e7\u00e3o t\u00e9cnica identificar uma s\u00e9rie de irregularidades estruturais, operacionais e documentais no funcionamento do local. O relat\u00f3rio apontou problemas que, segundo o \u00f3rg\u00e3o, comprometem a seguran\u00e7a, a qualidade do atendimento e os direitos das pessoas<\/p>\n","protected":false},"author":8,"featured_media":0,"comment_status":"closed","ping_status":"closed","sticky":false,"template":"","format":"standard","meta":{"fifu_image_url":"","fifu_image_alt":"","footnotes":""},"categories":[33],"tags":[],"class_list":["post-13631","post","type-post","status-publish","format-standard","hentry","category-noticias"],"_links":{"self":[{"href":"https:\/\/ilheusnews.com.br\/index.php?rest_route=\/wp\/v2\/posts\/13631","targetHints":{"allow":["GET"]}}],"collection":[{"href":"https:\/\/ilheusnews.com.br\/index.php?rest_route=\/wp\/v2\/posts"}],"about":[{"href":"https:\/\/ilheusnews.com.br\/index.php?rest_route=\/wp\/v2\/types\/post"}],"author":[{"embeddable":true,"href":"https:\/\/ilheusnews.com.br\/index.php?rest_route=\/wp\/v2\/users\/8"}],"replies":[{"embeddable":true,"href":"https:\/\/ilheusnews.com.br\/index.php?rest_route=%2Fwp%2Fv2%2Fcomments&post=13631"}],"version-history":[{"count":0,"href":"https:\/\/ilheusnews.com.br\/index.php?rest_route=\/wp\/v2\/posts\/13631\/revisions"}],"wp:attachment":[{"href":"https:\/\/ilheusnews.com.br\/index.php?rest_route=%2Fwp%2Fv2%2Fmedia&parent=13631"}],"wp:term":[{"taxonomy":"category","embeddable":true,"href":"https:\/\/ilheusnews.com.br\/index.php?rest_route=%2Fwp%2Fv2%2Fcategories&post=13631"},{"taxonomy":"post_tag","embeddable":true,"href":"https:\/\/ilheusnews.com.br\/index.php?rest_route=%2Fwp%2Fv2%2Ftags&post=13631"}],"curies":[{"name":"wp","href":"https:\/\/api.w.org\/{rel}","templated":true}]}}