{"id":13630,"date":"2026-08-08T12:01:15","date_gmt":"2026-08-08T15:01:15","guid":{"rendered":"https:\/\/ilheusnews.com.br\/?p=13630"},"modified":"2026-08-08T12:01:15","modified_gmt":"2026-08-08T15:01:15","slug":"marcos-lima-propoe-50-de-prioridade-de-assentos-no-transporte-coletivo-para-mulheres-idosos-e-pessoas-com-deficiencia","status":"publish","type":"post","link":"https:\/\/ilheusnews.com.br\/?p=13630","title":{"rendered":"Marcos Lima prop\u00f5e 50% de prioridade de assentos no transporte coletivo para mulheres, idosos e pessoas com defici\u00eancia"},"content":{"rendered":"<div>O presidente da C\u00e2mara Municipal de Feira de Santana, vereador Marcos Lima (Uni\u00e3o Brasil \u2013 foto ilustra\u00e7\u00e3o), apresentou um projeto de lei que estabelece prioridade de uso de assentos no transporte coletivo urbano para mulheres, pessoas idosas e pessoas com defici\u00eancia ou mobilidade reduzida. A proposta j\u00e1 passou pela primeira vota\u00e7\u00e3o no Legislativo e aguarda a segunda aprecia\u00e7\u00e3o antes de seguir para as pr\u00f3ximas etapas. O Projeto de Lei Ordin\u00e1ria n\u00ba 31\/2026 determina que os ve\u00edculos do transporte coletivo reservem, preferencialmente, no m\u00ednimo 50% dos assentos para os grupos definidos, levando em considera\u00e7\u00e3o a viabilidade t\u00e9cnica, operacional e contratual do sistema. A iniciativa tamb\u00e9m prev\u00ea que os espa\u00e7os sejam identificados com sinaliza\u00e7\u00e3o clara e acess\u00edvel, com o objetivo de orientar os passageiros e refor\u00e7ar o respeito \u00e0s prioridades previstas em lei. Segundo o projeto apresentado por Marcos Lima, a medida busca fortalecer princ\u00edpios de prote\u00e7\u00e3o, dignidade, acessibilidade e respeito dentro do transporte p\u00fablico municipal. O projeto n\u00e3o cria cargos, multas ou novas estruturas administrativas, estabelecendo apenas diretrizes para a organiza\u00e7\u00e3o e identifica\u00e7\u00e3o dos assentos priorit\u00e1rios nos \u00f4nibus que circulam em Feira de Santana. (Da Reda\u00e7\u00e3o)<\/div>\n","protected":false},"excerpt":{"rendered":"<p>O presidente da C\u00e2mara Municipal de Feira de Santana, vereador Marcos Lima (Uni\u00e3o Brasil \u2013 foto ilustra\u00e7\u00e3o), apresentou um projeto de lei que estabelece prioridade de uso de assentos no transporte coletivo urbano para mulheres, pessoas idosas e pessoas com defici\u00eancia ou mobilidade reduzida. A proposta j\u00e1 passou pela primeira vota\u00e7\u00e3o no Legislativo e aguarda<\/p>\n","protected":false},"author":8,"featured_media":0,"comment_status":"closed","ping_status":"closed","sticky":false,"template":"","format":"standard","meta":{"fifu_image_url":"","fifu_image_alt":"","footnotes":""},"categories":[33],"tags":[],"class_list":["post-13630","post","type-post","status-publish","format-standard","hentry","category-noticias"],"_links":{"self":[{"href":"https:\/\/ilheusnews.com.br\/index.php?rest_route=\/wp\/v2\/posts\/13630","targetHints":{"allow":["GET"]}}],"collection":[{"href":"https:\/\/ilheusnews.com.br\/index.php?rest_route=\/wp\/v2\/posts"}],"about":[{"href":"https:\/\/ilheusnews.com.br\/index.php?rest_route=\/wp\/v2\/types\/post"}],"author":[{"embeddable":true,"href":"https:\/\/ilheusnews.com.br\/index.php?rest_route=\/wp\/v2\/users\/8"}],"replies":[{"embeddable":true,"href":"https:\/\/ilheusnews.com.br\/index.php?rest_route=%2Fwp%2Fv2%2Fcomments&post=13630"}],"version-history":[{"count":0,"href":"https:\/\/ilheusnews.com.br\/index.php?rest_route=\/wp\/v2\/posts\/13630\/revisions"}],"wp:attachment":[{"href":"https:\/\/ilheusnews.com.br\/index.php?rest_route=%2Fwp%2Fv2%2Fmedia&parent=13630"}],"wp:term":[{"taxonomy":"category","embeddable":true,"href":"https:\/\/ilheusnews.com.br\/index.php?rest_route=%2Fwp%2Fv2%2Fcategories&post=13630"},{"taxonomy":"post_tag","embeddable":true,"href":"https:\/\/ilheusnews.com.br\/index.php?rest_route=%2Fwp%2Fv2%2Ftags&post=13630"}],"curies":[{"name":"wp","href":"https:\/\/api.w.org\/{rel}","templated":true}]}}