{"id":13629,"date":"2026-08-08T12:01:13","date_gmt":"2026-08-08T15:01:13","guid":{"rendered":"https:\/\/ilheusnews.com.br\/?p=13629"},"modified":"2026-08-08T12:01:13","modified_gmt":"2026-08-08T15:01:13","slug":"tre-nega-pedido-de-luiz-da-feira-para-ouvir-yuri-guimaraes-em-acao-que-envolve-paulao-do-caldeirao","status":"publish","type":"post","link":"https:\/\/ilheusnews.com.br\/?p=13629","title":{"rendered":"TRE nega pedido de Luiz da Feira para ouvir Yuri Guimar\u00e3es em a\u00e7\u00e3o que envolve Paul\u00e3o do Caldeir\u00e3o"},"content":{"rendered":"<div>O Tribunal Regional Eleitoral da Bahia (TRE) negou o pedido da defesa do vereador Luiz da Feira para reabrir a instru\u00e7\u00e3o processual e realizar a oitiva da testemunha Yuri de Ara\u00fajo Guimar\u00e3es. A solicita\u00e7\u00e3o foi apresentada no processo que envolve a disputa judicial relacionada \u00e0 desfilia\u00e7\u00e3o partid\u00e1ria e tamb\u00e9m tem como parte interessada o vereador Paul\u00e3o do Caldeir\u00e3o. A defesa de Luiz da Feira alegava que a n\u00e3o realiza\u00e7\u00e3o do depoimento poderia comprometer o direito de defesa e pediu uma nova dilig\u00eancia, inclusive com possibilidade de audi\u00eancia por videoconfer\u00eancia. O relator do caso, juiz Iran Esmeraldo Leite, rejeitou o pedido e afirmou que a legisla\u00e7\u00e3o eleitoral atribui \u00e0 pr\u00f3pria parte o dever de garantir o comparecimento das testemunhas indicadas. Com a decis\u00e3o, o TRE manteve o encerramento da fase de instru\u00e7\u00e3o sem o depoimento de Yuri Guimar\u00e3es. O relator destacou que n\u00e3o houve cerceamento de defesa e que a reabertura do processo representaria uma tentativa de suprir uma obriga\u00e7\u00e3o que cabia \u00e0 pr\u00f3pria parte interessada. A a\u00e7\u00e3o segue em tramita\u00e7\u00e3o na Justi\u00e7a Eleitoral. (Da Reda\u00e7\u00e3o)<\/div>\n","protected":false},"excerpt":{"rendered":"<p>O Tribunal Regional Eleitoral da Bahia (TRE) negou o pedido da defesa do vereador Luiz da Feira para reabrir a instru\u00e7\u00e3o processual e realizar a oitiva da testemunha Yuri de Ara\u00fajo Guimar\u00e3es. A solicita\u00e7\u00e3o foi apresentada no processo que envolve a disputa judicial relacionada \u00e0 desfilia\u00e7\u00e3o partid\u00e1ria e tamb\u00e9m tem como parte interessada o vereador<\/p>\n","protected":false},"author":8,"featured_media":0,"comment_status":"closed","ping_status":"closed","sticky":false,"template":"","format":"standard","meta":{"fifu_image_url":"","fifu_image_alt":"","footnotes":""},"categories":[33],"tags":[],"class_list":["post-13629","post","type-post","status-publish","format-standard","hentry","category-noticias"],"_links":{"self":[{"href":"https:\/\/ilheusnews.com.br\/index.php?rest_route=\/wp\/v2\/posts\/13629","targetHints":{"allow":["GET"]}}],"collection":[{"href":"https:\/\/ilheusnews.com.br\/index.php?rest_route=\/wp\/v2\/posts"}],"about":[{"href":"https:\/\/ilheusnews.com.br\/index.php?rest_route=\/wp\/v2\/types\/post"}],"author":[{"embeddable":true,"href":"https:\/\/ilheusnews.com.br\/index.php?rest_route=\/wp\/v2\/users\/8"}],"replies":[{"embeddable":true,"href":"https:\/\/ilheusnews.com.br\/index.php?rest_route=%2Fwp%2Fv2%2Fcomments&post=13629"}],"version-history":[{"count":0,"href":"https:\/\/ilheusnews.com.br\/index.php?rest_route=\/wp\/v2\/posts\/13629\/revisions"}],"wp:attachment":[{"href":"https:\/\/ilheusnews.com.br\/index.php?rest_route=%2Fwp%2Fv2%2Fmedia&parent=13629"}],"wp:term":[{"taxonomy":"category","embeddable":true,"href":"https:\/\/ilheusnews.com.br\/index.php?rest_route=%2Fwp%2Fv2%2Fcategories&post=13629"},{"taxonomy":"post_tag","embeddable":true,"href":"https:\/\/ilheusnews.com.br\/index.php?rest_route=%2Fwp%2Fv2%2Ftags&post=13629"}],"curies":[{"name":"wp","href":"https:\/\/api.w.org\/{rel}","templated":true}]}}