{"id":13588,"date":"2026-08-07T18:03:12","date_gmt":"2026-08-07T21:03:12","guid":{"rendered":"https:\/\/ilheusnews.com.br\/?p=13588"},"modified":"2026-08-07T18:03:12","modified_gmt":"2026-08-07T21:03:12","slug":"barreiras-prefeitura-e-acrioeste-apresentam-grade-de-palestrantes-do-1o-forum-de-pecuaria-da-bahia","status":"publish","type":"post","link":"https:\/\/ilheusnews.com.br\/?p=13588","title":{"rendered":"Barreiras: Prefeitura e Acrioeste apresentam grade de palestrantes do 1\u00ba F\u00f3rum de Pecu\u00e1ria da Bahia"},"content":{"rendered":"<div>O prefeito Otoniel Teixeira participou do lan\u00e7amento oficial do 1\u00ba F\u00f3rum da Pecu\u00e1ria da Bahia, iniciativa da Acrioeste que conta com a parceria da Prefeitura de Barreiras. O evento ser\u00e1 realizado nos dias 28 e 29 de agosto, no Centro Cultural Rivelino Silva de Carvalho e na Pra\u00e7a Landulfo Alves, reunindo produtores rurais, especialistas, pesquisadores, empres\u00e1rios e representantes da cadeia produtiva para discutir inova\u00e7\u00e3o, tecnologia, gen\u00e9tica, mercado e os desafios da pecu\u00e1ria moderna. (Foto ilustra\u00e7\u00e3o) Durante o lan\u00e7amento, o presidente da Acrioeste, Gil Areas, apresentou os objetivos do f\u00f3rum, os palestrantes confirmados e a estrutura do evento, que promete reunir importantes nomes da pecu\u00e1ria brasileira em uma programa\u00e7\u00e3o voltada ao compartilhamento de conhecimento, \u00e0 inova\u00e7\u00e3o e ao fortalecimento da cadeia produtiva. As palestras e pain\u00e9is t\u00e9cnicos ser\u00e3o realizados no Centro Cultural Rivelino Silva de Carvalho, com acesso mediante aquisi\u00e7\u00e3o de ingresso, cujo link para inscri\u00e7\u00e3o ser\u00e1 disponibilizado pela organiza\u00e7\u00e3o nos pr\u00f3ximos dias. Na Pra\u00e7a Landulfo Alves ser\u00e1 montada a Exposi\u00e7\u00e3o de M\u00e1quinas, Implementos e Insumos, espa\u00e7o destinado \u00e0 apresenta\u00e7\u00e3o de equipamentos, tecnologias, produtos, servi\u00e7os e solu\u00e7\u00f5es voltadas ao setor agropecu\u00e1rio. A \u00e1rea reunir\u00e1 empresas patrocinadoras e parceiras, criando um ambiente prop\u00edcio para a gera\u00e7\u00e3o de neg\u00f3cios, troca de experi\u00eancias e apresenta\u00e7\u00e3o das principais inova\u00e7\u00f5es do mercado. O acesso \u00e0 exposi\u00e7\u00e3o ser\u00e1 aberto ao p\u00fablico, mediante cadastro pr\u00e9vio, que tamb\u00e9m ser\u00e1 divulgado pela Acrioeste. Representando a gest\u00e3o municipal, o prefeito esteve acompanhado dos secret\u00e1rios de Agricultura e Tecnologia, Joaquim Neto; de Infraestrutura, Bruno Castro; de Educa\u00e7\u00e3o, Jeferson Barbosa; e de Seguran\u00e7a Cidad\u00e3 e Tr\u00e2nsito, F\u00e1bio Santana. Tamb\u00e9m prestigiaram o lan\u00e7amento os vereadores Dic\u00edola Baqueiro e Rider Castro. (Ascom\/PMB)<\/div>\n","protected":false},"excerpt":{"rendered":"<p>O prefeito Otoniel Teixeira participou do lan\u00e7amento oficial do 1\u00ba F\u00f3rum da Pecu\u00e1ria da Bahia, iniciativa da Acrioeste que conta com a parceria da Prefeitura de Barreiras. O evento ser\u00e1 realizado nos dias 28 e 29 de agosto, no Centro Cultural Rivelino Silva de Carvalho e na Pra\u00e7a Landulfo Alves, reunindo produtores rurais, especialistas, pesquisadores,<\/p>\n","protected":false},"author":8,"featured_media":0,"comment_status":"closed","ping_status":"closed","sticky":false,"template":"","format":"standard","meta":{"fifu_image_url":"","fifu_image_alt":"","footnotes":""},"categories":[33],"tags":[],"class_list":["post-13588","post","type-post","status-publish","format-standard","hentry","category-noticias"],"_links":{"self":[{"href":"https:\/\/ilheusnews.com.br\/index.php?rest_route=\/wp\/v2\/posts\/13588","targetHints":{"allow":["GET"]}}],"collection":[{"href":"https:\/\/ilheusnews.com.br\/index.php?rest_route=\/wp\/v2\/posts"}],"about":[{"href":"https:\/\/ilheusnews.com.br\/index.php?rest_route=\/wp\/v2\/types\/post"}],"author":[{"embeddable":true,"href":"https:\/\/ilheusnews.com.br\/index.php?rest_route=\/wp\/v2\/users\/8"}],"replies":[{"embeddable":true,"href":"https:\/\/ilheusnews.com.br\/index.php?rest_route=%2Fwp%2Fv2%2Fcomments&post=13588"}],"version-history":[{"count":0,"href":"https:\/\/ilheusnews.com.br\/index.php?rest_route=\/wp\/v2\/posts\/13588\/revisions"}],"wp:attachment":[{"href":"https:\/\/ilheusnews.com.br\/index.php?rest_route=%2Fwp%2Fv2%2Fmedia&parent=13588"}],"wp:term":[{"taxonomy":"category","embeddable":true,"href":"https:\/\/ilheusnews.com.br\/index.php?rest_route=%2Fwp%2Fv2%2Fcategories&post=13588"},{"taxonomy":"post_tag","embeddable":true,"href":"https:\/\/ilheusnews.com.br\/index.php?rest_route=%2Fwp%2Fv2%2Ftags&post=13588"}],"curies":[{"name":"wp","href":"https:\/\/api.w.org\/{rel}","templated":true}]}}