{"id":13586,"date":"2026-08-07T18:03:08","date_gmt":"2026-08-07T21:03:08","guid":{"rendered":"https:\/\/ilheusnews.com.br\/?p=13586"},"modified":"2026-08-07T18:03:08","modified_gmt":"2026-08-07T21:03:08","slug":"tre-livra-fernando-torres-de-ficar-inelegivel-por-8-anos-em-acao-contra-o-psd-de-feira","status":"publish","type":"post","link":"https:\/\/ilheusnews.com.br\/?p=13586","title":{"rendered":"TRE livra Fernando Torres de ficar ineleg\u00edvel por 8 anos em a\u00e7\u00e3o contra o PSD de Feira"},"content":{"rendered":"<div>O Tribunal Regional Eleitoral da Bahia (TRE) decidiu afastar a declara\u00e7\u00e3o de inelegibilidade por oito anos aplicada ao presidente municipal do PSD de Feira de Santana, Fernando Dantas Torres (foto ilustra\u00e7\u00e3o), em processo que apurou suposta fraude \u00e0 cota de g\u00eanero nas elei\u00e7\u00f5es de 2024. A Corte, no entanto, manteve as demais decis\u00f5es relacionadas ao caso, incluindo a cassa\u00e7\u00e3o do Demonstrativo de Regularidade de Atos Partid\u00e1rios (DRAP) do partido e a anula\u00e7\u00e3o dos votos da legenda. Ao analisar os embargos de declara\u00e7\u00e3o apresentados pelas partes, o TRE entendeu que n\u00e3o havia elementos para manter a puni\u00e7\u00e3o individual contra Fernando Torres, reconhecendo sua ilegitimidade passiva no processo quanto \u00e0 san\u00e7\u00e3o de inelegibilidade. Segundo a decis\u00e3o, embora o dirigente partid\u00e1rio estivesse envolvido na a\u00e7\u00e3o, n\u00e3o ficou demonstrada responsabilidade direta dele pela suposta irregularidade que motivou a condena\u00e7\u00e3o. O Tribunal tamb\u00e9m rejeitou o recurso apresentado por Fernando Torres por considerar que os embargos foram protocolados fora do prazo. A Corte manteve o entendimento de que houve fraude \u00e0 cota de g\u00eanero envolvendo candidatura considerada fict\u00edcia, preservando as demais consequ\u00eancias eleitorais impostas ao PSD de Feira de Santana. A decis\u00e3o foi publicada no Di\u00e1rio da Justi\u00e7a Eletr\u00f4nico do TRE nesta sexta-feira (6). (Da Reda\u00e7\u00e3o)<\/div>\n","protected":false},"excerpt":{"rendered":"<p>O Tribunal Regional Eleitoral da Bahia (TRE) decidiu afastar a declara\u00e7\u00e3o de inelegibilidade por oito anos aplicada ao presidente municipal do PSD de Feira de Santana, Fernando Dantas Torres (foto ilustra\u00e7\u00e3o), em processo que apurou suposta fraude \u00e0 cota de g\u00eanero nas elei\u00e7\u00f5es de 2024. A Corte, no entanto, manteve as demais decis\u00f5es relacionadas ao<\/p>\n","protected":false},"author":8,"featured_media":0,"comment_status":"closed","ping_status":"closed","sticky":false,"template":"","format":"standard","meta":{"fifu_image_url":"","fifu_image_alt":"","footnotes":""},"categories":[33],"tags":[],"class_list":["post-13586","post","type-post","status-publish","format-standard","hentry","category-noticias"],"_links":{"self":[{"href":"https:\/\/ilheusnews.com.br\/index.php?rest_route=\/wp\/v2\/posts\/13586","targetHints":{"allow":["GET"]}}],"collection":[{"href":"https:\/\/ilheusnews.com.br\/index.php?rest_route=\/wp\/v2\/posts"}],"about":[{"href":"https:\/\/ilheusnews.com.br\/index.php?rest_route=\/wp\/v2\/types\/post"}],"author":[{"embeddable":true,"href":"https:\/\/ilheusnews.com.br\/index.php?rest_route=\/wp\/v2\/users\/8"}],"replies":[{"embeddable":true,"href":"https:\/\/ilheusnews.com.br\/index.php?rest_route=%2Fwp%2Fv2%2Fcomments&post=13586"}],"version-history":[{"count":0,"href":"https:\/\/ilheusnews.com.br\/index.php?rest_route=\/wp\/v2\/posts\/13586\/revisions"}],"wp:attachment":[{"href":"https:\/\/ilheusnews.com.br\/index.php?rest_route=%2Fwp%2Fv2%2Fmedia&parent=13586"}],"wp:term":[{"taxonomy":"category","embeddable":true,"href":"https:\/\/ilheusnews.com.br\/index.php?rest_route=%2Fwp%2Fv2%2Fcategories&post=13586"},{"taxonomy":"post_tag","embeddable":true,"href":"https:\/\/ilheusnews.com.br\/index.php?rest_route=%2Fwp%2Fv2%2Ftags&post=13586"}],"curies":[{"name":"wp","href":"https:\/\/api.w.org\/{rel}","templated":true}]}}