{"id":13574,"date":"2026-08-07T06:01:53","date_gmt":"2026-08-07T09:01:53","guid":{"rendered":"https:\/\/ilheusnews.com.br\/?p=13574"},"modified":"2026-08-07T06:01:53","modified_gmt":"2026-08-07T09:01:53","slug":"material-da-cnm-esclarece-sobre-transferencia-voluntarias-e-emendas-parlamentares-em-ano-eleitoral","status":"publish","type":"post","link":"https:\/\/ilheusnews.com.br\/?p=13574","title":{"rendered":"Material da CNM esclarece sobre transfer\u00eancia volunt\u00e1rias e emendas parlamentares em ano eleitoral"},"content":{"rendered":"<div>Come\u00e7ou neste m\u00eas, no dia 4 de julho, o defeso eleitoral. O per\u00edodo de restri\u00e7\u00f5es impostas pela legisla\u00e7\u00e3o eleitoral (Lei 9.504\/1997), que vai at\u00e9 o segundo turno das elei\u00e7\u00f5es (25 de outubro), tem como objetivo assegurar a igualdade de oportunidades entre os candidatos e evitar o uso da m\u00e1quina p\u00fablica para influenciar o resultado das elei\u00e7\u00f5es. Para esclarecer os gestores sobre permiss\u00f5es e veda\u00e7\u00f5es, a Confedera\u00e7\u00e3o Nacional de Munic\u00edpios (CNM) produziu um material com Perguntas e Respostas dispon\u00edvel para\u00a0download na Biblioteca Digital\u00a0da entidade com orienta\u00e7\u00f5es sobre as transfer\u00eancias volunt\u00e1rias da Uni\u00e3o, em especial as relacionadas \u00e0s emendas parlamentares federais. (Foto ilustra\u00e7\u00e3o) Neste ano, ocorrem as elei\u00e7\u00f5es dos representantes nos \u00e2mbitos federal e estadual e, para fins de per\u00edodo eleitoral, \u00e9 necess\u00e1rio que os agentes p\u00fablicos municipalistas se atentem \u00e0s condutas vedadas. No contexto dos Munic\u00edpios, o defeso eleitoral n\u00e3o impede a administra\u00e7\u00e3o p\u00fablica de funcionar ou de executar pol\u00edticas p\u00fablicas. O que ocorre \u00e9 que determinadas condutas passam a ser vedadas ou limitadas durante o per\u00edodo eleitoral, especialmente aquelas que possam caracterizar promo\u00e7\u00e3o institucional, favorecimento de candidatos ou utiliza\u00e7\u00e3o de recursos p\u00fablicos para fins eleitorais. (Ascom\/CNM)<\/div>\n","protected":false},"excerpt":{"rendered":"<p>Come\u00e7ou neste m\u00eas, no dia 4 de julho, o defeso eleitoral. O per\u00edodo de restri\u00e7\u00f5es impostas pela legisla\u00e7\u00e3o eleitoral (Lei 9.504\/1997), que vai at\u00e9 o segundo turno das elei\u00e7\u00f5es (25 de outubro), tem como objetivo assegurar a igualdade de oportunidades entre os candidatos e evitar o uso da m\u00e1quina p\u00fablica para influenciar o resultado das<\/p>\n","protected":false},"author":8,"featured_media":0,"comment_status":"closed","ping_status":"closed","sticky":false,"template":"","format":"standard","meta":{"fifu_image_url":"","fifu_image_alt":"","footnotes":""},"categories":[33],"tags":[],"class_list":["post-13574","post","type-post","status-publish","format-standard","hentry","category-noticias"],"_links":{"self":[{"href":"https:\/\/ilheusnews.com.br\/index.php?rest_route=\/wp\/v2\/posts\/13574","targetHints":{"allow":["GET"]}}],"collection":[{"href":"https:\/\/ilheusnews.com.br\/index.php?rest_route=\/wp\/v2\/posts"}],"about":[{"href":"https:\/\/ilheusnews.com.br\/index.php?rest_route=\/wp\/v2\/types\/post"}],"author":[{"embeddable":true,"href":"https:\/\/ilheusnews.com.br\/index.php?rest_route=\/wp\/v2\/users\/8"}],"replies":[{"embeddable":true,"href":"https:\/\/ilheusnews.com.br\/index.php?rest_route=%2Fwp%2Fv2%2Fcomments&post=13574"}],"version-history":[{"count":0,"href":"https:\/\/ilheusnews.com.br\/index.php?rest_route=\/wp\/v2\/posts\/13574\/revisions"}],"wp:attachment":[{"href":"https:\/\/ilheusnews.com.br\/index.php?rest_route=%2Fwp%2Fv2%2Fmedia&parent=13574"}],"wp:term":[{"taxonomy":"category","embeddable":true,"href":"https:\/\/ilheusnews.com.br\/index.php?rest_route=%2Fwp%2Fv2%2Fcategories&post=13574"},{"taxonomy":"post_tag","embeddable":true,"href":"https:\/\/ilheusnews.com.br\/index.php?rest_route=%2Fwp%2Fv2%2Ftags&post=13574"}],"curies":[{"name":"wp","href":"https:\/\/api.w.org\/{rel}","templated":true}]}}