{"id":13571,"date":"2026-08-07T06:01:46","date_gmt":"2026-08-07T09:01:46","guid":{"rendered":"https:\/\/ilheusnews.com.br\/?p=13571"},"modified":"2026-08-07T06:01:46","modified_gmt":"2026-08-07T09:01:46","slug":"wilson-cardoso-convida-bruno-reis-para-conhecer-as-obras-de-reforma-ampliacao-e-modernizacao-da-upb","status":"publish","type":"post","link":"https:\/\/ilheusnews.com.br\/?p=13571","title":{"rendered":"Wilson Cardoso convida Bruno Reis para conhecer as obras de reforma, amplia\u00e7\u00e3o e moderniza\u00e7\u00e3o da UPB"},"content":{"rendered":"<div>O presidente da Uni\u00e3o dos Munic\u00edpios da Bahia (UPB), Wilson Cardoso, visitou na ter\u00e7a-feira (4) o prefeito de Salvador, Bruno Reis, no Pal\u00e1cio Thom\u00e9 de Souza, onde entregou pessoalmente o convite para a solenidade de comemora\u00e7\u00e3o dos 62 anos da entidade, marcada para o pr\u00f3ximo dia 13 de agosto. Na ocasi\u00e3o, o presidente tamb\u00e9m convidou o gestor da capital baiana para conhecer as obras de reforma, amplia\u00e7\u00e3o e moderniza\u00e7\u00e3o da UPB, visita que foi confirmada pelo prefeito. (Foto ilustra\u00e7\u00e3o: presidente da UPB, Wilson Cardoso e o prefeito de Salvador, Bruno Reis) Durante o encontro, Wilson Cardoso destacou a import\u00e2ncia da presen\u00e7a de Bruno Reis para conhecer de perto a transforma\u00e7\u00e3o da sede da Casa do Municipalismo Baiano antes da inaugura\u00e7\u00e3o oficial do Novo Espa\u00e7o Municipalista e da entrega da reforma e amplia\u00e7\u00e3o do Audit\u00f3rio Prefeito Antonio Lomanto J\u00fanior. As obras de reforma, amplia\u00e7\u00e3o e moderniza\u00e7\u00e3o da UPB v\u00eam recebendo diariamente a visita de prefeitos e prefeitas, que acompanham de perto a transforma\u00e7\u00e3o da entidade. A visita de Bruno Reis refor\u00e7a a import\u00e2ncia da UPB para o fortalecimento do municipalismo e o reconhecimento da nova estrutura, que passa a ser a mais moderna entre as entidades municipalistas estaduais do pa\u00eds. A nova sede representa um marco na hist\u00f3ria da institui\u00e7\u00e3o e re\u00fane investimentos que ampliaram significativamente a capacidade de atendimento aos gestores municipais. O Novo Espa\u00e7o Municipalista e a reforma e amplia\u00e7\u00e3o do Audit\u00f3rio Prefeito Antonio Lomanto J\u00fanior consolidam a UPB como um centro de integra\u00e7\u00e3o, di\u00e1logo e fortalecimento dos 417 munic\u00edpios baianos. (Ascom\/UPB)<\/div>\n","protected":false},"excerpt":{"rendered":"<p>O presidente da Uni\u00e3o dos Munic\u00edpios da Bahia (UPB), Wilson Cardoso, visitou na ter\u00e7a-feira (4) o prefeito de Salvador, Bruno Reis, no Pal\u00e1cio Thom\u00e9 de Souza, onde entregou pessoalmente o convite para a solenidade de comemora\u00e7\u00e3o dos 62 anos da entidade, marcada para o pr\u00f3ximo dia 13 de agosto. Na ocasi\u00e3o, o presidente tamb\u00e9m convidou<\/p>\n","protected":false},"author":8,"featured_media":0,"comment_status":"closed","ping_status":"closed","sticky":false,"template":"","format":"standard","meta":{"fifu_image_url":"","fifu_image_alt":"","footnotes":""},"categories":[33],"tags":[],"class_list":["post-13571","post","type-post","status-publish","format-standard","hentry","category-noticias"],"_links":{"self":[{"href":"https:\/\/ilheusnews.com.br\/index.php?rest_route=\/wp\/v2\/posts\/13571","targetHints":{"allow":["GET"]}}],"collection":[{"href":"https:\/\/ilheusnews.com.br\/index.php?rest_route=\/wp\/v2\/posts"}],"about":[{"href":"https:\/\/ilheusnews.com.br\/index.php?rest_route=\/wp\/v2\/types\/post"}],"author":[{"embeddable":true,"href":"https:\/\/ilheusnews.com.br\/index.php?rest_route=\/wp\/v2\/users\/8"}],"replies":[{"embeddable":true,"href":"https:\/\/ilheusnews.com.br\/index.php?rest_route=%2Fwp%2Fv2%2Fcomments&post=13571"}],"version-history":[{"count":0,"href":"https:\/\/ilheusnews.com.br\/index.php?rest_route=\/wp\/v2\/posts\/13571\/revisions"}],"wp:attachment":[{"href":"https:\/\/ilheusnews.com.br\/index.php?rest_route=%2Fwp%2Fv2%2Fmedia&parent=13571"}],"wp:term":[{"taxonomy":"category","embeddable":true,"href":"https:\/\/ilheusnews.com.br\/index.php?rest_route=%2Fwp%2Fv2%2Fcategories&post=13571"},{"taxonomy":"post_tag","embeddable":true,"href":"https:\/\/ilheusnews.com.br\/index.php?rest_route=%2Fwp%2Fv2%2Ftags&post=13571"}],"curies":[{"name":"wp","href":"https:\/\/api.w.org\/{rel}","templated":true}]}}