{"id":13538,"date":"2026-08-06T18:00:52","date_gmt":"2026-08-06T21:00:52","guid":{"rendered":"https:\/\/ilheusnews.com.br\/?p=13538"},"modified":"2026-08-06T18:00:52","modified_gmt":"2026-08-06T21:00:52","slug":"aposentadoria-com-idade-minima-de-67-anos-isso-e-falso","status":"publish","type":"post","link":"https:\/\/ilheusnews.com.br\/?p=13538","title":{"rendered":"Aposentadoria com idade m\u00ednima de 67 anos? Isso \u00e9 FALSO!"},"content":{"rendered":"<div>Circula nas redes sociais a informa\u00e7\u00e3o de que o Senado Federal estaria discutindo uma nova reforma da aposentadoria que elevaria a idade m\u00ednima para 67 anos. Essa informa\u00e7\u00e3o \u00e9 FALSA. N\u00e3o h\u00e1 proposta de emenda \u00e0 Constitui\u00e7\u00e3o (PEC) em tramita\u00e7\u00e3o na Casa com esse teor. No Brasil, desde a reforma da Previd\u00eancia\u00a0(Emenda Constitucional 103, de 2019), a idade m\u00ednima geral para a aposentadoria urbana pelo INSS \u00e9 de 62 anos para mulheres e de 65 anos para homens. Para alterar essa regra, seria preciso mudar novamente a Constitui\u00e7\u00e3o, mas o tema n\u00e3o est\u00e1 em an\u00e1lise no Senado. Uma\u00a0proposta de emenda \u00e0 Constitui\u00e7\u00e3o\u00a0\u00e9 uma iniciativa legislativa para alterar o texto da Carta, que \u00e9 a lei m\u00e1xima do pa\u00eds e tem impacto na organiza\u00e7\u00e3o do Estado e nos direitos dos cidad\u00e3os. Por isso, as PECs possuem um rito de aprova\u00e7\u00e3o mais rigoroso do que o de leis comuns. D\u00favidas? Fale com o Senado Verifica O Senado Verifica \u00e9 um canal dedicado a combater a desinforma\u00e7\u00e3o e esclarecer d\u00favidas sobre a atividade legislativa. Se voc\u00ea recebeu alguma informa\u00e7\u00e3o suspeita sobre o Senado Federal, entre em contato pelo\u00a0WhatsApp:\u00a0+55 61 98190-0601. (Ag\u00eancia Senado)<\/div>\n","protected":false},"excerpt":{"rendered":"<p>Circula nas redes sociais a informa\u00e7\u00e3o de que o Senado Federal estaria discutindo uma nova reforma da aposentadoria que elevaria a idade m\u00ednima para 67 anos. Essa informa\u00e7\u00e3o \u00e9 FALSA. N\u00e3o h\u00e1 proposta de emenda \u00e0 Constitui\u00e7\u00e3o (PEC) em tramita\u00e7\u00e3o na Casa com esse teor. No Brasil, desde a reforma da Previd\u00eancia\u00a0(Emenda Constitucional 103, de<\/p>\n","protected":false},"author":8,"featured_media":0,"comment_status":"closed","ping_status":"closed","sticky":false,"template":"","format":"standard","meta":{"fifu_image_url":"","fifu_image_alt":"","footnotes":""},"categories":[33],"tags":[],"class_list":["post-13538","post","type-post","status-publish","format-standard","hentry","category-noticias"],"_links":{"self":[{"href":"https:\/\/ilheusnews.com.br\/index.php?rest_route=\/wp\/v2\/posts\/13538","targetHints":{"allow":["GET"]}}],"collection":[{"href":"https:\/\/ilheusnews.com.br\/index.php?rest_route=\/wp\/v2\/posts"}],"about":[{"href":"https:\/\/ilheusnews.com.br\/index.php?rest_route=\/wp\/v2\/types\/post"}],"author":[{"embeddable":true,"href":"https:\/\/ilheusnews.com.br\/index.php?rest_route=\/wp\/v2\/users\/8"}],"replies":[{"embeddable":true,"href":"https:\/\/ilheusnews.com.br\/index.php?rest_route=%2Fwp%2Fv2%2Fcomments&post=13538"}],"version-history":[{"count":0,"href":"https:\/\/ilheusnews.com.br\/index.php?rest_route=\/wp\/v2\/posts\/13538\/revisions"}],"wp:attachment":[{"href":"https:\/\/ilheusnews.com.br\/index.php?rest_route=%2Fwp%2Fv2%2Fmedia&parent=13538"}],"wp:term":[{"taxonomy":"category","embeddable":true,"href":"https:\/\/ilheusnews.com.br\/index.php?rest_route=%2Fwp%2Fv2%2Fcategories&post=13538"},{"taxonomy":"post_tag","embeddable":true,"href":"https:\/\/ilheusnews.com.br\/index.php?rest_route=%2Fwp%2Fv2%2Ftags&post=13538"}],"curies":[{"name":"wp","href":"https:\/\/api.w.org\/{rel}","templated":true}]}}