{"id":13537,"date":"2026-08-06T18:00:49","date_gmt":"2026-08-06T21:00:49","guid":{"rendered":"https:\/\/ilheusnews.com.br\/?p=13537"},"modified":"2026-08-06T18:00:49","modified_gmt":"2026-08-06T21:00:49","slug":"projeto-extingue-margem-de-cartao-de-credito-em-emprestimo-consignado-do-inss","status":"publish","type":"post","link":"https:\/\/ilheusnews.com.br\/?p=13537","title":{"rendered":"Projeto extingue margem de cart\u00e3o de cr\u00e9dito em empr\u00e9stimo consignado do INSS"},"content":{"rendered":"<div>O Projeto de Lei 1947\/26 extingue as margens espec\u00edficas para cart\u00e3o de cr\u00e9dito e cart\u00e3o consignado de benef\u00edcio nas opera\u00e7\u00f5es financeiras de aposentados e pensionistas do Instituto Nacional do Seguro Social (INSS). (Foto ilustra\u00e7\u00e3o) A proposta em an\u00e1lise na C\u00e2mara dos Deputados mant\u00e9m o limite global de 45% da renda para contrata\u00e7\u00e3o da d\u00edvida, mas destina o percentual exclusivamente a empr\u00e9stimos, financiamentos e arrendamento mercantil. O projeto abrange ainda os titulares do Benef\u00edcio de Presta\u00e7\u00e3o Continuada (BPC), cujo limite total de descontos, exclusivos para empr\u00e9stimos, ser\u00e1 fixado em 35%. O texto tamb\u00e9m prev\u00ea san\u00e7\u00f5es a bancos e empresas em caso de irregularidades. Justificativa Autor da proposta, o deputado Alfredo Gaspar (PL-AL) disse que a regra atual muitas vezes resulta em descontos mensais cont\u00ednuos. \u201c\u00c9 preciso fortalecer a prote\u00e7\u00e3o dos benefici\u00e1rios sem inviabilizar o acesso ao cr\u00e9dito\u201d, afirmou. Segundo Gaspar, relator na recente Comiss\u00e3o Parlamentar Mista de Inqu\u00e9rito do INSS, o objetivo \u00e9 evitar o superendividamento de aposentados e pensionistas, j\u00e1 que as modalidades ligadas a cart\u00e3o de cr\u00e9dito dificultam a liquida\u00e7\u00e3o do d\u00e9bito. Pr\u00f3ximos passos O projeto ser\u00e1 analisado em car\u00e1ter conclusivo pelas comiss\u00f5es de Administra\u00e7\u00e3o e Servi\u00e7o P\u00fablico; de Previd\u00eancia, Assist\u00eancia Social, Inf\u00e2ncia, Adolesc\u00eancia e Fam\u00edlia; de Finan\u00e7as e Tributa\u00e7\u00e3o; e de Constitui\u00e7\u00e3o e Justi\u00e7a e de Cidadania. Para virar lei, o texto ter\u00e1 de ser aprovado pela C\u00e2mara e pelo Senado. (Ag\u00eancia C\u00e2mara)<\/div>\n","protected":false},"excerpt":{"rendered":"<p>O Projeto de Lei 1947\/26 extingue as margens espec\u00edficas para cart\u00e3o de cr\u00e9dito e cart\u00e3o consignado de benef\u00edcio nas opera\u00e7\u00f5es financeiras de aposentados e pensionistas do Instituto Nacional do Seguro Social (INSS). (Foto ilustra\u00e7\u00e3o) A proposta em an\u00e1lise na C\u00e2mara dos Deputados mant\u00e9m o limite global de 45% da renda para contrata\u00e7\u00e3o da d\u00edvida, mas<\/p>\n","protected":false},"author":8,"featured_media":0,"comment_status":"closed","ping_status":"closed","sticky":false,"template":"","format":"standard","meta":{"fifu_image_url":"","fifu_image_alt":"","footnotes":""},"categories":[33],"tags":[],"class_list":["post-13537","post","type-post","status-publish","format-standard","hentry","category-noticias"],"_links":{"self":[{"href":"https:\/\/ilheusnews.com.br\/index.php?rest_route=\/wp\/v2\/posts\/13537","targetHints":{"allow":["GET"]}}],"collection":[{"href":"https:\/\/ilheusnews.com.br\/index.php?rest_route=\/wp\/v2\/posts"}],"about":[{"href":"https:\/\/ilheusnews.com.br\/index.php?rest_route=\/wp\/v2\/types\/post"}],"author":[{"embeddable":true,"href":"https:\/\/ilheusnews.com.br\/index.php?rest_route=\/wp\/v2\/users\/8"}],"replies":[{"embeddable":true,"href":"https:\/\/ilheusnews.com.br\/index.php?rest_route=%2Fwp%2Fv2%2Fcomments&post=13537"}],"version-history":[{"count":0,"href":"https:\/\/ilheusnews.com.br\/index.php?rest_route=\/wp\/v2\/posts\/13537\/revisions"}],"wp:attachment":[{"href":"https:\/\/ilheusnews.com.br\/index.php?rest_route=%2Fwp%2Fv2%2Fmedia&parent=13537"}],"wp:term":[{"taxonomy":"category","embeddable":true,"href":"https:\/\/ilheusnews.com.br\/index.php?rest_route=%2Fwp%2Fv2%2Fcategories&post=13537"},{"taxonomy":"post_tag","embeddable":true,"href":"https:\/\/ilheusnews.com.br\/index.php?rest_route=%2Fwp%2Fv2%2Ftags&post=13537"}],"curies":[{"name":"wp","href":"https:\/\/api.w.org\/{rel}","templated":true}]}}