{"id":13536,"date":"2026-08-06T18:00:46","date_gmt":"2026-08-06T21:00:46","guid":{"rendered":"https:\/\/ilheusnews.com.br\/?p=13536"},"modified":"2026-08-06T18:00:46","modified_gmt":"2026-08-06T21:00:46","slug":"prefeitura-de-ipecaeta-diz-que-operacao-da-pf-investiga-condutas-individuais-e-nao-a-administracao-municipal","status":"publish","type":"post","link":"https:\/\/ilheusnews.com.br\/?p=13536","title":{"rendered":"Prefeitura de Ipecaet\u00e1 diz que opera\u00e7\u00e3o da PF investiga condutas individuais e n\u00e3o a administra\u00e7\u00e3o municipal"},"content":{"rendered":"<div>A Prefeitura de Ipecaet\u00e1 divulgou, nesta quinta-feira (6), uma nota oficial ap\u00f3s a deflagra\u00e7\u00e3o da Opera\u00e7\u00e3o Bandeira Livre II, da Pol\u00edcia Federal. No comunicado, a administra\u00e7\u00e3o municipal afirma que acompanha as investiga\u00e7\u00f5es, reafirma compromisso com a transpar\u00eancia e diz que os fatos apurados dizem respeito a \u201ccondutas individuais\u201d, sem envolver a Prefeitura enquanto institui\u00e7\u00e3o. A gest\u00e3o tamb\u00e9m declarou que est\u00e1 colaborando com as autoridades e confia na apura\u00e7\u00e3o dos fatos. (Foto ilustra\u00e7\u00e3o) Na nota, o munic\u00edpio informa que, dentro de suas atribui\u00e7\u00f5es, sempre adotou medidas administrativas relacionadas \u00e0 fiscaliza\u00e7\u00e3o e \u00e0 revis\u00e3o dos processos envolvendo permission\u00e1rios de t\u00e1xi, assegurando o contradit\u00f3rio e a ampla defesa. A Prefeitura acrescenta que mant\u00e9m confian\u00e7a no trabalho dos \u00f3rg\u00e3os de investiga\u00e7\u00e3o e destaca o respeito ao devido processo legal e ao princ\u00edpio da presun\u00e7\u00e3o de inoc\u00eancia. Na manh\u00e3 desta quinta-feira, a Pol\u00edcia Federal deflagrou a Opera\u00e7\u00e3o Bandeira Livre II para apurar um suposto esquema de irregularidades envolvendo permiss\u00f5es de t\u00e1xis em Ipecaet\u00e1. A investiga\u00e7\u00e3o apura poss\u00edveis crimes relacionados \u00e0 concess\u00e3o e utiliza\u00e7\u00e3o dessas permiss\u00f5es e cumpre mandados judiciais autorizados pela Justi\u00e7a. At\u00e9 o momento, a PF n\u00e3o atribuiu responsabilidade institucional \u00e0 Prefeitura, concentrando as apura\u00e7\u00f5es em pessoas investigadas no \u00e2mbito da opera\u00e7\u00e3o.<\/div>\n","protected":false},"excerpt":{"rendered":"<p>A Prefeitura de Ipecaet\u00e1 divulgou, nesta quinta-feira (6), uma nota oficial ap\u00f3s a deflagra\u00e7\u00e3o da Opera\u00e7\u00e3o Bandeira Livre II, da Pol\u00edcia Federal. No comunicado, a administra\u00e7\u00e3o municipal afirma que acompanha as investiga\u00e7\u00f5es, reafirma compromisso com a transpar\u00eancia e diz que os fatos apurados dizem respeito a \u201ccondutas individuais\u201d, sem envolver a Prefeitura enquanto institui\u00e7\u00e3o. A<\/p>\n","protected":false},"author":8,"featured_media":0,"comment_status":"closed","ping_status":"closed","sticky":false,"template":"","format":"standard","meta":{"fifu_image_url":"","fifu_image_alt":"","footnotes":""},"categories":[33],"tags":[],"class_list":["post-13536","post","type-post","status-publish","format-standard","hentry","category-noticias"],"_links":{"self":[{"href":"https:\/\/ilheusnews.com.br\/index.php?rest_route=\/wp\/v2\/posts\/13536","targetHints":{"allow":["GET"]}}],"collection":[{"href":"https:\/\/ilheusnews.com.br\/index.php?rest_route=\/wp\/v2\/posts"}],"about":[{"href":"https:\/\/ilheusnews.com.br\/index.php?rest_route=\/wp\/v2\/types\/post"}],"author":[{"embeddable":true,"href":"https:\/\/ilheusnews.com.br\/index.php?rest_route=\/wp\/v2\/users\/8"}],"replies":[{"embeddable":true,"href":"https:\/\/ilheusnews.com.br\/index.php?rest_route=%2Fwp%2Fv2%2Fcomments&post=13536"}],"version-history":[{"count":0,"href":"https:\/\/ilheusnews.com.br\/index.php?rest_route=\/wp\/v2\/posts\/13536\/revisions"}],"wp:attachment":[{"href":"https:\/\/ilheusnews.com.br\/index.php?rest_route=%2Fwp%2Fv2%2Fmedia&parent=13536"}],"wp:term":[{"taxonomy":"category","embeddable":true,"href":"https:\/\/ilheusnews.com.br\/index.php?rest_route=%2Fwp%2Fv2%2Fcategories&post=13536"},{"taxonomy":"post_tag","embeddable":true,"href":"https:\/\/ilheusnews.com.br\/index.php?rest_route=%2Fwp%2Fv2%2Ftags&post=13536"}],"curies":[{"name":"wp","href":"https:\/\/api.w.org\/{rel}","templated":true}]}}