{"id":13535,"date":"2026-08-06T18:00:43","date_gmt":"2026-08-06T21:00:43","guid":{"rendered":"https:\/\/ilheusnews.com.br\/?p=13535"},"modified":"2026-08-06T18:00:43","modified_gmt":"2026-08-06T21:00:43","slug":"itatim-municipio-conquista-o-1o-lugar-da-bahia-no-ideb-com-nota-86-e-reafirma-excelencia-na-educacao-publica","status":"publish","type":"post","link":"https:\/\/ilheusnews.com.br\/?p=13535","title":{"rendered":"Itatim: Munic\u00edpio conquista o 1\u00ba lugar da Bahia no Ideb com nota 8,6 e reafirma excel\u00eancia na educa\u00e7\u00e3o p\u00fablica"},"content":{"rendered":"<div>O munic\u00edpio de Itatim alcan\u00e7ou um feito hist\u00f3rico na educa\u00e7\u00e3o p\u00fablica ao conquistar a maior nota da Bahia nos anos iniciais do Ensino Fundamental no \u00cdndice de Desenvolvimento da Educa\u00e7\u00e3o B\u00e1sica (Ideb). Com 8,6, o munic\u00edpio registrou o melhor desempenho entre todas as redes municipais do estado, alcan\u00e7ando tamb\u00e9m a maior nota de sua hist\u00f3ria no indicador, considerado o principal instrumento de avalia\u00e7\u00e3o da qualidade da educa\u00e7\u00e3o b\u00e1sica no pa\u00eds. (Foto ilustra\u00e7\u00e3o) O resultado evidencia os avan\u00e7os obtidos pela rede municipal de ensino por meio de uma pol\u00edtica educacional baseada em planejamento, acompanhamento pedag\u00f3gico, valoriza\u00e7\u00e3o dos profissionais da educa\u00e7\u00e3o e investimentos permanentes na aprendizagem dos estudantes. A prefeita Daiane dos Anjos comemorou a conquista e destacou que o reconhecimento \u00e9 resultado do trabalho conjunto desenvolvido por toda a comunidade escolar. \u201cMeu cora\u00e7\u00e3o est\u00e1 cheio de gratid\u00e3o por mais esse resultado. Itatim alcan\u00e7ou a maior nota da Bahia nos anos iniciais do Ensino Fundamental, com 8,6 no Ideb. Esse \u00e9 um resultado constru\u00eddo por muitas m\u00e3os, com dedica\u00e7\u00e3o, compromisso e amor pela educa\u00e7\u00e3o. Essa conquista pertence aos nossos professores, gestores, servidores, estudantes, pais e toda a comunidade escolar, que acreditam diariamente no poder transformador da educa\u00e7\u00e3o.\u201d Segundo a gestora, o desempenho refor\u00e7a o compromisso da administra\u00e7\u00e3o municipal em ampliar os investimentos na \u00e1rea e manter a educa\u00e7\u00e3o como uma das principais prioridades da gest\u00e3o. \u201cSer o primeiro lugar da Bahia nos enche de orgulho, mas tamb\u00e9m aumenta a nossa responsabilidade de continuar investindo, valorizando os profissionais da educa\u00e7\u00e3o e oferecendo cada vez mais oportunidades para nossas crian\u00e7as. Seguiremos trabalhando para que Itatim continue sendo refer\u00eancia em educa\u00e7\u00e3o p\u00fablica de qualidade.\u201d O Ideb \u00e9 calculado a partir do desempenho dos estudantes nas avalia\u00e7\u00f5es do Sistema de Avalia\u00e7\u00e3o da Educa\u00e7\u00e3o B\u00e1sica (Saeb), combinado aos indicadores de aprova\u00e7\u00e3o escolar. O \u00edndice \u00e9 utilizado pelo Minist\u00e9rio da Educa\u00e7\u00e3o para medir a qualidade do ensino ofertado pelas redes p\u00fablicas e privadas em todo o pa\u00eds. A lideran\u00e7a estadual conquistada por Itatim refor\u00e7a a efetividade das pol\u00edticas p\u00fablicas implementadas na educa\u00e7\u00e3o municipal e coloca o munic\u00edpio entre os principais destaques da educa\u00e7\u00e3o b\u00e1sica na Bahia. O resultado tamb\u00e9m consolida Itatim como refer\u00eancia em gest\u00e3o educacional, demonstrando que o investimento cont\u00ednuo na aprendizagem, na valoriza\u00e7\u00e3o dos profissionais e no fortalecimento da rede de ensino gera impactos concretos na forma\u00e7\u00e3o dos estudantes.<\/div>\n","protected":false},"excerpt":{"rendered":"<p>O munic\u00edpio de Itatim alcan\u00e7ou um feito hist\u00f3rico na educa\u00e7\u00e3o p\u00fablica ao conquistar a maior nota da Bahia nos anos iniciais do Ensino Fundamental no \u00cdndice de Desenvolvimento da Educa\u00e7\u00e3o B\u00e1sica (Ideb). Com 8,6, o munic\u00edpio registrou o melhor desempenho entre todas as redes municipais do estado, alcan\u00e7ando tamb\u00e9m a maior nota de sua hist\u00f3ria<\/p>\n","protected":false},"author":8,"featured_media":0,"comment_status":"closed","ping_status":"closed","sticky":false,"template":"","format":"standard","meta":{"fifu_image_url":"","fifu_image_alt":"","footnotes":""},"categories":[33],"tags":[],"class_list":["post-13535","post","type-post","status-publish","format-standard","hentry","category-noticias"],"_links":{"self":[{"href":"https:\/\/ilheusnews.com.br\/index.php?rest_route=\/wp\/v2\/posts\/13535","targetHints":{"allow":["GET"]}}],"collection":[{"href":"https:\/\/ilheusnews.com.br\/index.php?rest_route=\/wp\/v2\/posts"}],"about":[{"href":"https:\/\/ilheusnews.com.br\/index.php?rest_route=\/wp\/v2\/types\/post"}],"author":[{"embeddable":true,"href":"https:\/\/ilheusnews.com.br\/index.php?rest_route=\/wp\/v2\/users\/8"}],"replies":[{"embeddable":true,"href":"https:\/\/ilheusnews.com.br\/index.php?rest_route=%2Fwp%2Fv2%2Fcomments&post=13535"}],"version-history":[{"count":0,"href":"https:\/\/ilheusnews.com.br\/index.php?rest_route=\/wp\/v2\/posts\/13535\/revisions"}],"wp:attachment":[{"href":"https:\/\/ilheusnews.com.br\/index.php?rest_route=%2Fwp%2Fv2%2Fmedia&parent=13535"}],"wp:term":[{"taxonomy":"category","embeddable":true,"href":"https:\/\/ilheusnews.com.br\/index.php?rest_route=%2Fwp%2Fv2%2Fcategories&post=13535"},{"taxonomy":"post_tag","embeddable":true,"href":"https:\/\/ilheusnews.com.br\/index.php?rest_route=%2Fwp%2Fv2%2Ftags&post=13535"}],"curies":[{"name":"wp","href":"https:\/\/api.w.org\/{rel}","templated":true}]}}