{"id":13530,"date":"2026-08-06T12:04:25","date_gmt":"2026-08-06T15:04:25","guid":{"rendered":"https:\/\/ilheusnews.com.br\/?p=13530"},"modified":"2026-08-06T12:04:25","modified_gmt":"2026-08-06T15:04:25","slug":"openai-reage-a-apple-na-justica-e-tenta-barrar-acao-judicial-por-segredos-comerciais","status":"publish","type":"post","link":"https:\/\/ilheusnews.com.br\/?p=13530","title":{"rendered":"OpenAI reage \u00e0 Apple na Justi\u00e7a e tenta barrar a\u00e7\u00e3o judicial por segredos comerciais"},"content":{"rendered":"<div>\n<p>A OpenAI solicitou a um tribunal dos Estados Unidos <a href=\"https:\/\/www.reuters.com\/world\/openai-asks-us-judge-dismiss-apples-trade-secrets-case-2026-08-06\/\" target=\"_blank\" rel=\"noreferrer noopener\">o encerramento de uma a\u00e7\u00e3o apresentada pela Apple<\/a>, que acusa a empresa respons\u00e1vel pelo ChatGPT e dois ex-funcion\u00e1rios da fabricante de iPhones de apropria\u00e7\u00e3o indevida de segredos comerciais.<\/p>\n<p>A empresa de intelig\u00eancia artificial sustenta que as alega\u00e7\u00f5es da Apple n\u00e3o apresentam informa\u00e7\u00f5es espec\u00edficas protegidas como segredo comercial e afirma que seus projetos de hardware seguem uma dire\u00e7\u00e3o pr\u00f3pria, sem depender de dados confidenciais da concorrente.<\/p>\n<p>O processo ocorre em meio \u00e0 disputa pelo futuro dos dispositivos baseados em intelig\u00eancia artificial, um mercado que pode alterar a rela\u00e7\u00e3o dos consumidores com aplicativos, sistemas operacionais e aparelhos tradicionais.<\/p>\n<h2 class=\"wp-block-heading\" id=\"h-openai-contesta-acusacoes-da-apple-na-justica\">OpenAI contesta acusa\u00e7\u00f5es da Apple na Justi\u00e7a <\/h2>\n<div class=\"wp-block-image\">\n<figure class=\"aligncenter size-large\"><figcaption class=\"wp-element-caption\">Imagem: rarrarorro\/Shutterstock<\/figcaption><\/figure>\n<\/div>\n<p>Na manifesta\u00e7\u00e3o apresentada ao tribunal, a OpenAI argumentou que n\u00e3o possui interesse em utilizar informa\u00e7\u00f5es internas da Apple e que est\u00e1 desenvolvendo produtos diferentes daqueles criados pela fabricante de tecnologia.<\/p>\n<p>A companhia afirmou que a den\u00fancia da Apple n\u00e3o detalha quais informa\u00e7\u00f5es espec\u00edficas deveriam receber prote\u00e7\u00e3o legal. A defesa tamb\u00e9m alegou que categorias amplas relacionadas ao desenvolvimento de produtos n\u00e3o seriam suficientes para sustentar a continuidade do processo.<\/p>\n<p>A Apple entrou com a a\u00e7\u00e3o em julho, acusando a OpenAI de obter e utilizar informa\u00e7\u00f5es confidenciais por meio de antigos funcion\u00e1rios, estrat\u00e9gias de contrata\u00e7\u00e3o e rela\u00e7\u00f5es com fornecedores. A fabricante afirmou que esses elementos teriam ajudado a acelerar seus planos no segmento de dispositivos voltados ao consumidor.<\/p>\n<p>A disputa judicial envolve a tentativa das duas empresas de conquistar espa\u00e7o em uma poss\u00edvel pr\u00f3xima gera\u00e7\u00e3o de aparelhos com intelig\u00eancia artificial. Analistas citados na reportagem avaliam que a OpenAI pode estar trabalhando em um telefone ou outro dispositivo pr\u00f3prio, embora a empresa n\u00e3o tenha confirmado esse desenvolvimento.<\/p>\n<h2 class=\"wp-block-heading\" id=\"h-conflito-acontece-enquanto-empresas-mantem-parceria\">Conflito acontece enquanto empresas mant\u00eam parceria<\/h2>\n<div class=\"wp-block-image\">\n<figure class=\"aligncenter size-large\"><img loading=\"lazy\" decoding=\"async\" width=\"1024\" height=\"576\" src=\"https:\/\/ilheusnews.com.br\/wp-content\/uploads\/2026\/08\/Destaque-Apple-e-OpenAI-1024x576-1.jpg\" alt=\"Logomarcas da OpenAI e da Apple\" class=\"wp-image-1162482\" srcset=\"https:\/\/img.odcdn.com.br\/wp-content\/uploads\/2025\/08\/Destaque-Apple-e-OpenAI-1024x576.jpg 1024w, https:\/\/img.odcdn.com.br\/wp-content\/uploads\/2025\/08\/Destaque-Apple-e-OpenAI-300x169.jpg 300w, https:\/\/img.odcdn.com.br\/wp-content\/uploads\/2025\/08\/Destaque-Apple-e-OpenAI-768x432.jpg 768w, https:\/\/img.odcdn.com.br\/wp-content\/uploads\/2025\/08\/Destaque-Apple-e-OpenAI-1536x864.jpg 1536w, https:\/\/img.odcdn.com.br\/wp-content\/uploads\/2025\/08\/Destaque-Apple-e-OpenAI-2048x1152.jpg 2048w, https:\/\/img.odcdn.com.br\/wp-content\/uploads\/2025\/08\/Destaque-Apple-e-OpenAI-1920x1080.jpg 1920w, https:\/\/img.odcdn.com.br\/wp-content\/uploads\/2025\/08\/Destaque-Apple-e-OpenAI-1280x720.jpg 1280w, https:\/\/img.odcdn.com.br\/wp-content\/uploads\/2025\/08\/Destaque-Apple-e-OpenAI-150x84.jpg 150w\" sizes=\"auto, (max-width: 1024px) 100vw, 1024px\"><figcaption class=\"wp-element-caption\">(Imagem: Kemarrravv13\/Shutterstock)<\/figcaption><\/figure>\n<\/div>\n<p>Apesar da disputa nos tribunais, OpenAI e Apple possuem uma parceria comercial em funcionamento. O acordo permite que usu\u00e1rios de aparelhos da Apple acessem respostas do ChatGPT por meio da assistente virtual Siri.<\/p>\n<p>Al\u00e9m disso, usu\u00e1rios de iPhones podem contratar assinaturas do ChatGPT diretamente pelas configura\u00e7\u00f5es do sistema iOS.<\/p>\n<p>A OpenAI tamb\u00e9m afirmou em sua defesa que a a\u00e7\u00e3o da Apple seria uma tentativa de compensar dificuldades relacionadas \u00e0 disputa por talentos e \u00e0 integra\u00e7\u00e3o de intelig\u00eancia artificial em seus pr\u00f3prios produtos.<\/p>\n<p>A Apple n\u00e3o havia apresentado resposta p\u00fablica ao pedido da OpenAI at\u00e9 o momento da publica\u00e7\u00e3o da reportagem utilizada como base.<\/p>\n<p>O post <a href=\"https:\/\/olhardigital.com.br\/2026\/08\/06\/pro\/openai-reage-a-apple-na-justica-e-tenta-barrar-acao-judicial-por-segredos-comerciais\/\">OpenAI reage \u00e0 Apple na Justi\u00e7a e tenta barrar a\u00e7\u00e3o judicial por segredos comerciais<\/a> apareceu primeiro em <a href=\"https:\/\/olhardigital.com.br\/\">Olhar Digital<\/a>.<\/p>\n<\/div>\n","protected":false},"excerpt":{"rendered":"<p>A OpenAI solicitou a um tribunal dos Estados Unidos o encerramento de uma a\u00e7\u00e3o apresentada pela Apple, que acusa a empresa respons\u00e1vel pelo ChatGPT e dois ex-funcion\u00e1rios da fabricante de iPhones de apropria\u00e7\u00e3o indevida de segredos comerciais. A empresa de intelig\u00eancia artificial sustenta que as alega\u00e7\u00f5es da Apple n\u00e3o apresentam informa\u00e7\u00f5es espec\u00edficas protegidas como segredo<\/p>\n","protected":false},"author":6,"featured_media":13531,"comment_status":"closed","ping_status":"closed","sticky":false,"template":"","format":"standard","meta":{"fifu_image_url":"https:\/\/olhardigital.com.br\/wp-content\/uploads\/2024\/08\/apple-openAI-1024x540.jpg","fifu_image_alt":"OpenAI reage \u00e0 Apple na Justi\u00e7a e tenta barrar a\u00e7\u00e3o judicial por segredos comerciais","footnotes":""},"categories":[33],"tags":[],"class_list":["post-13530","post","type-post","status-publish","format-standard","has-post-thumbnail","hentry","category-noticias"],"_links":{"self":[{"href":"https:\/\/ilheusnews.com.br\/index.php?rest_route=\/wp\/v2\/posts\/13530","targetHints":{"allow":["GET"]}}],"collection":[{"href":"https:\/\/ilheusnews.com.br\/index.php?rest_route=\/wp\/v2\/posts"}],"about":[{"href":"https:\/\/ilheusnews.com.br\/index.php?rest_route=\/wp\/v2\/types\/post"}],"author":[{"embeddable":true,"href":"https:\/\/ilheusnews.com.br\/index.php?rest_route=\/wp\/v2\/users\/6"}],"replies":[{"embeddable":true,"href":"https:\/\/ilheusnews.com.br\/index.php?rest_route=%2Fwp%2Fv2%2Fcomments&post=13530"}],"version-history":[{"count":0,"href":"https:\/\/ilheusnews.com.br\/index.php?rest_route=\/wp\/v2\/posts\/13530\/revisions"}],"wp:featuredmedia":[{"embeddable":true,"href":"https:\/\/ilheusnews.com.br\/index.php?rest_route=\/wp\/v2\/media\/13531"}],"wp:attachment":[{"href":"https:\/\/ilheusnews.com.br\/index.php?rest_route=%2Fwp%2Fv2%2Fmedia&parent=13530"}],"wp:term":[{"taxonomy":"category","embeddable":true,"href":"https:\/\/ilheusnews.com.br\/index.php?rest_route=%2Fwp%2Fv2%2Fcategories&post=13530"},{"taxonomy":"post_tag","embeddable":true,"href":"https:\/\/ilheusnews.com.br\/index.php?rest_route=%2Fwp%2Fv2%2Ftags&post=13530"}],"curies":[{"name":"wp","href":"https:\/\/api.w.org\/{rel}","templated":true}]}}