{"id":13503,"date":"2026-08-06T00:00:48","date_gmt":"2026-08-06T03:00:48","guid":{"rendered":"https:\/\/ilheusnews.com.br\/?p=13503"},"modified":"2026-08-06T00:00:48","modified_gmt":"2026-08-06T03:00:48","slug":"ta-chegando-eclipse-total-do-sol-abre-janela-para-pesquisas-sobre-a-estrela","status":"publish","type":"post","link":"https:\/\/ilheusnews.com.br\/?p=13503","title":{"rendered":"T\u00e1 chegando! Eclipse total do Sol abre janela para pesquisas sobre a estrela"},"content":{"rendered":"<div>\n<p>Na pr\u00f3xima quarta-feira (12), a <a href=\"https:\/\/olhardigital.com.br\/tag\/sol\/\" target=\"_blank\" rel=\"noreferrer noopener\">Lua<\/a> vai encobrir completamente o <a href=\"https:\/\/olhardigital.com.br\/tag\/sol\/\" target=\"_blank\" rel=\"noreferrer noopener\">Sol<\/a> por 1 minuto e 40 segundos sobre uma faixa do norte da Espanha. Equipes cient\u00edficas de diferentes institui\u00e7\u00f5es planejam usar esse intervalo para estudar o campo magn\u00e9tico, a atmosfera e as tempestades solares que, quando atingem a Terra, podem derrubar sat\u00e9lites, colocar astronautas em risco e gerar auroras nas latitudes mais altas.<\/p>\n<p>O <a href=\"https:\/\/olhardigital.com.br\/tag\/eclipse\/\" target=\"_blank\" rel=\"noreferrer noopener\">eclipse<\/a> total \u00e9 um fen\u00f4meno raro que historicamente abriu caminho para descobertas cient\u00edficas. Em 29 de maio de 1919, o astr\u00f4nomo brit\u00e2nico Arthur Eddington observou um eclipse na ilha de Pr\u00edncipe, na <a href=\"https:\/\/olhardigital.com.br\/tag\/africa\/\" target=\"_blank\" rel=\"noreferrer noopener\">\u00c1frica<\/a> Ocidental, e confirmou a teoria da relatividade de Albert Einstein ao registrar o efeito da lente gravitacional \u2014 um fen\u00f4meno de curvatura da luz \u2014 sobre estrelas que s\u00f3 ficaram vis\u00edveis com a luz ofuscante do sol bloqueada.<\/p>\n<h2 class=\"wp-block-heading\" id=\"h-o-que-os-cientistas-vao-observar\">O que os cientistas v\u00e3o observar<\/h2>\n<ul>\n<li>Pesquisadores da Comiss\u00e3o de Energia At\u00f4mica da Fran\u00e7a (CEA, na sigla em ingl\u00eas) v\u00e3o concentrar aten\u00e7\u00e3o na coroa solar, a camada mais externa da atmosfera da estrela;<\/li>\n<li>\u201cNosso trabalho visa compreender os mecanismos f\u00edsicos que est\u00e3o por tr\u00e1s da atividade solar\u201d, disse Allan Sacha Brun, astrof\u00edsico da CEA, \u00e0 ag\u00eancia <em>AFP<\/em>;<\/li>\n<li>Ele acrescentou que especialistas trabalham diariamente em modelos para explicar essa atividade, o que permite \u201ccolocar o Sol em contexto dentro de sua linha do tempo evolutiva, do nascimento \u00e0 morte\u201d;<\/li>\n<li>A coroa solar se estende por dez milh\u00f5es de quil\u00f4metros a partir da superf\u00edcie da estrela \u2014 chamada de fotosfera \u2014 e \u00e9 um milh\u00e3o de vezes menos intensa do que ela;<\/li>\n<li>Ainda assim, a temperatura da coroa pode chegar a dois milh\u00f5es de graus Celsius;<\/li>\n<li>Em condi\u00e7\u00f5es normais, sem eclipse, cientistas estudam essa camada com sat\u00e9lites equipados com coron\u00f3grafos, descritos por Brun como \u201cfiltros que bloqueiam a fotosfera\u201d.<\/li>\n<\/ul>\n<p>Durante um eclipse total, por\u00e9m, \u00e9 poss\u00edvel observar tamb\u00e9m a cromosfera, a camada da atmosfera localizada entre a coroa e a superf\u00edcie.<\/p>\n<p>Brun destacou uma coincid\u00eancia geom\u00e9trica que torna o fen\u00f4meno poss\u00edvel: a Lua \u00e9 400 vezes menor que a grande estrela, mas est\u00e1 400 vezes mais pr\u00f3xima da Terra. Isso faz com que ela bloqueie a luz solar sem encobrir a atmosfera ao redor. \u201cSomos incrivelmente sortudos\u201d, afirmou o astrof\u00edsico.<\/p>\n<\/p>\n<div class=\"wp-block-image\">\n<figure class=\"aligncenter size-large\"><figcaption class=\"wp-element-caption\">Pesquisadores da CEA v\u00e3o concentrar aten\u00e7\u00e3o na coroa solar \u2013 Imagem: NASA\/SDO<\/figcaption><\/figure>\n<\/div>\n<p><strong>Leia mais:<\/strong><\/p>\n<ul>\n<li><a href=\"https:\/\/olhardigital.com.br\/2024\/03\/05\/dicas-e-tutoriais\/como-fotografar-um-eclipse-solar-5-modos\/\" target=\"_blank\" rel=\"noreferrer noopener\">Como fotografar um eclipse solar [5 modos]<\/a><\/li>\n<li><a href=\"https:\/\/olhardigital.com.br\/2024\/10\/01\/ciencia-e-espaco\/eclipse-solar-mesmo-parcial-evento-exige-cuidados-na-observacao\/\" target=\"_blank\" rel=\"noreferrer noopener\">Eclipse solar: mesmo parcial, evento exige cuidados na observa\u00e7\u00e3o<\/a><\/li>\n<li><a href=\"https:\/\/olhardigital.com.br\/2026\/01\/16\/ciencia-e-espaco\/ate-onde-seria-possivel-afundar-dentro-do-sol\/\" target=\"_blank\" rel=\"noreferrer noopener\">At\u00e9 onde seria poss\u00edvel \u201cafundar\u201d dentro do Sol?<\/a><\/li>\n<\/ul>\n<h2 class=\"wp-block-heading\" id=\"h-tempestades-solares-e-modelos-preditivos\">Tempestades solares e modelos preditivos<\/h2>\n<p>O Sol expele continuamente mat\u00e9ria e part\u00edculas carregadas. Em alguns momentos, libera tempestades solares \u2014 explos\u00f5es gigantescas de plasma e outras part\u00edculas.<\/p>\n<p>Quando esses materiais atingem o escudo magn\u00e9tico da Terra, podem derrubar sat\u00e9lites, amea\u00e7ar astronautas e criar auroras coloridas nos c\u00e9us de latitudes setentrionais e meridionais. \u201cEsses fen\u00f4menos seguem um ciclo regular, com pico a cada 11 anos\u201d, disse Brun. \u201cEm 2024, a estrela atingiu o pico do seu 25\u00ba ciclo.\u201d<\/p>\n<p>A Ag\u00eancia Espacial Europeia (ESA, na sigla em ingl\u00eas) tamb\u00e9m vai analisar o eclipse com foco nos ventos solares.<\/p>\n<p>\u201cPor que as tempestades solares se propagam dessa forma? Quais s\u00e3o suas estruturas, e conseguimos desenvolver modelos que nos permitam prev\u00ea-las?\u201d, questionou Carole Mundell, diretora de ci\u00eancia da ESA.<\/p>\n<p>A sonda Solar Orbiter da ESA, lan\u00e7ada em 2020, j\u00e1 coleta dados sobre a atmosfera e o vento solar. Para Miho Janvier, co-investigadora principal da miss\u00e3o, os eclipses s\u00e3o uma oportunidade de \u201ctestar o quanto nossos modelos s\u00e3o bons \u2014 ou ruins\u201d.<\/p>\n<h2 class=\"wp-block-heading\" id=\"h-outras-missoes-em-andamento-e-planejadas\">Outras miss\u00f5es em andamento e planejadas<\/h2>\n<p>Outra miss\u00e3o da ESA, chamada Proba-3, opera atualmente com tr\u00eas espa\u00e7onaves voando em forma\u00e7\u00e3o sincronizada para criar seus pr\u00f3prios mini-eclipses solares artificiais. H\u00e1 ainda planos para uma miss\u00e3o chamada MESOM, que pretende enviar uma espa\u00e7onave para a sombra da Lua a fim de obter uma janela de observa\u00e7\u00e3o do fen\u00f4meno por um per\u00edodo mais longo.<\/p>\n<p>Lucie Green, f\u00edsica solar da University College London (Reino Unido) e integrante da miss\u00e3o MESOM, disse \u00e0 <em>AFP<\/em> que eclipses solares totais s\u00e3o \u201cinspiradores para todos, artistas e cientistas igualmente\u201d. \u201cO que vemos na Terra est\u00e1 inspirando o que queremos fazer em nossa pesquisa espacial\u201d, acrescentou.<\/p>\n<p>O post <a href=\"https:\/\/olhardigital.com.br\/2026\/08\/05\/ciencia-e-espaco\/ta-chegando-eclipse-total-do-sol-abre-janela-para-pesquisas-sobre-a-estrela\/\">T\u00e1 chegando! Eclipse total do Sol abre janela para pesquisas sobre a estrela<\/a> apareceu primeiro em <a href=\"https:\/\/olhardigital.com.br\/\">Olhar Digital<\/a>.<\/p>\n<\/div>\n","protected":false},"excerpt":{"rendered":"<p>Na pr\u00f3xima quarta-feira (12), a Lua vai encobrir completamente o Sol por 1 minuto e 40 segundos sobre uma faixa do norte da Espanha. Equipes cient\u00edficas de diferentes institui\u00e7\u00f5es planejam usar esse intervalo para estudar o campo magn\u00e9tico, a atmosfera e as tempestades solares que, quando atingem a Terra, podem derrubar sat\u00e9lites, colocar astronautas em<\/p>\n","protected":false},"author":6,"featured_media":13504,"comment_status":"closed","ping_status":"closed","sticky":false,"template":"","format":"standard","meta":{"fifu_image_url":"https:\/\/olhardigital.com.br\/wp-content\/uploads\/2026\/08\/Explosao-solar-1024x576.jpg","fifu_image_alt":"T\u00e1 chegando! Eclipse total do Sol abre janela para pesquisas sobre a estrela","footnotes":""},"categories":[33],"tags":[],"class_list":["post-13503","post","type-post","status-publish","format-standard","has-post-thumbnail","hentry","category-noticias"],"_links":{"self":[{"href":"https:\/\/ilheusnews.com.br\/index.php?rest_route=\/wp\/v2\/posts\/13503","targetHints":{"allow":["GET"]}}],"collection":[{"href":"https:\/\/ilheusnews.com.br\/index.php?rest_route=\/wp\/v2\/posts"}],"about":[{"href":"https:\/\/ilheusnews.com.br\/index.php?rest_route=\/wp\/v2\/types\/post"}],"author":[{"embeddable":true,"href":"https:\/\/ilheusnews.com.br\/index.php?rest_route=\/wp\/v2\/users\/6"}],"replies":[{"embeddable":true,"href":"https:\/\/ilheusnews.com.br\/index.php?rest_route=%2Fwp%2Fv2%2Fcomments&post=13503"}],"version-history":[{"count":0,"href":"https:\/\/ilheusnews.com.br\/index.php?rest_route=\/wp\/v2\/posts\/13503\/revisions"}],"wp:featuredmedia":[{"embeddable":true,"href":"https:\/\/ilheusnews.com.br\/index.php?rest_route=\/wp\/v2\/media\/13504"}],"wp:attachment":[{"href":"https:\/\/ilheusnews.com.br\/index.php?rest_route=%2Fwp%2Fv2%2Fmedia&parent=13503"}],"wp:term":[{"taxonomy":"category","embeddable":true,"href":"https:\/\/ilheusnews.com.br\/index.php?rest_route=%2Fwp%2Fv2%2Fcategories&post=13503"},{"taxonomy":"post_tag","embeddable":true,"href":"https:\/\/ilheusnews.com.br\/index.php?rest_route=%2Fwp%2Fv2%2Ftags&post=13503"}],"curies":[{"name":"wp","href":"https:\/\/api.w.org\/{rel}","templated":true}]}}