{"id":13495,"date":"2026-08-06T00:00:46","date_gmt":"2026-08-06T03:00:46","guid":{"rendered":"https:\/\/ilheusnews.com.br\/?p=13495"},"modified":"2026-08-06T00:00:46","modified_gmt":"2026-08-06T03:00:46","slug":"exclusivo-mp-pede-afastamento-imediato-de-mire-da-presidencia-da-camara-de-lamarao","status":"publish","type":"post","link":"https:\/\/ilheusnews.com.br\/?p=13495","title":{"rendered":"Exclusivo: MP pede afastamento imediato de Mire da presid\u00eancia da C\u00e2mara de Lamar\u00e3o"},"content":{"rendered":"<div>O Minist\u00e9rio P\u00fablico (MP) opinou pelo afastamento imediato da vereadora e presidente da C\u00e2mara Municipal de Lamar\u00e3o, Mire (MDB \u2013 foto ilustra\u00e7\u00e3o), ao se manifestar na a\u00e7\u00e3o popular que questiona sua terceira recondu\u00e7\u00e3o consecutiva ao comando do Legislativo. O parecer, obtido com exclusividade nesta quarta-feira (5) pelo site Bahia na Pol\u00edtica e assinado pelo promotor de Justi\u00e7a, Alexandre Carvalho Feitosa Cavalcanti, defende a concess\u00e3o de uma liminar para suspender os efeitos da elei\u00e7\u00e3o da Mesa Diretora e retirar a parlamentar da presid\u00eancia da Casa. Na manifesta\u00e7\u00e3o encaminhada \u00e0 Justi\u00e7a, o promotor afirma que a situa\u00e7\u00e3o de Mire \u00e9 semelhante \u00e0 de outros casos em que o Poder Judici\u00e1rio reconheceu a ilegalidade de recondu\u00e7\u00f5es sucessivas \u00e0s Mesas Diretoras de c\u00e2maras municipais. Segundo o parecer, est\u00e3o presentes os requisitos para a concess\u00e3o da tutela de urg\u00eancia, pois h\u00e1 probabilidade do direito e risco na demora da decis\u00e3o, uma vez que a perman\u00eancia da vereadora na presid\u00eancia pode prolongar uma situa\u00e7\u00e3o considerada incompat\u00edvel com o entendimento firmado pelo Supremo Tribunal Federal (STF). A a\u00e7\u00e3o foi ajuizada pelo advogado H\u00e9rcules Oliveira, que sustenta que Mire presidiu a C\u00e2mara nos bi\u00eanios 2021\/2022 e 2023\/2024 e, ap\u00f3s ser reeleita vereadora em 2024, voltou a ser escolhida para comandar o Legislativo no bi\u00eanio 2025\/2026. Para o autor, a terceira recondu\u00e7\u00e3o consecutiva viola o artigo 57, \u00a7 4\u00ba, da Constitui\u00e7\u00e3o Federal e a jurisprud\u00eancia do STF, que veda a recondu\u00e7\u00e3o sucessiva ao mesmo cargo da Mesa Diretora. Ao final do parecer, o Minist\u00e9rio P\u00fablico \u00e9 categ\u00f3rico ao opinar pelo deferimento da liminar para suspender os efeitos da elei\u00e7\u00e3o e determinar o afastamento de Mire da Presid\u00eancia da C\u00e2mara Municipal de Lamar\u00e3o. A decis\u00e3o sobre o pedido caber\u00e1 agora ao Poder Judici\u00e1rio, que analisar\u00e1 a manifesta\u00e7\u00e3o do MP e os demais elementos do processo. (Da Reda\u00e7\u00e3o)<\/div>\n","protected":false},"excerpt":{"rendered":"<p>O Minist\u00e9rio P\u00fablico (MP) opinou pelo afastamento imediato da vereadora e presidente da C\u00e2mara Municipal de Lamar\u00e3o, Mire (MDB \u2013 foto ilustra\u00e7\u00e3o), ao se manifestar na a\u00e7\u00e3o popular que questiona sua terceira recondu\u00e7\u00e3o consecutiva ao comando do Legislativo. O parecer, obtido com exclusividade nesta quarta-feira (5) pelo site Bahia na Pol\u00edtica e assinado pelo promotor<\/p>\n","protected":false},"author":8,"featured_media":0,"comment_status":"closed","ping_status":"closed","sticky":false,"template":"","format":"standard","meta":{"fifu_image_url":"","fifu_image_alt":"","footnotes":""},"categories":[33],"tags":[],"class_list":["post-13495","post","type-post","status-publish","format-standard","hentry","category-noticias"],"_links":{"self":[{"href":"https:\/\/ilheusnews.com.br\/index.php?rest_route=\/wp\/v2\/posts\/13495","targetHints":{"allow":["GET"]}}],"collection":[{"href":"https:\/\/ilheusnews.com.br\/index.php?rest_route=\/wp\/v2\/posts"}],"about":[{"href":"https:\/\/ilheusnews.com.br\/index.php?rest_route=\/wp\/v2\/types\/post"}],"author":[{"embeddable":true,"href":"https:\/\/ilheusnews.com.br\/index.php?rest_route=\/wp\/v2\/users\/8"}],"replies":[{"embeddable":true,"href":"https:\/\/ilheusnews.com.br\/index.php?rest_route=%2Fwp%2Fv2%2Fcomments&post=13495"}],"version-history":[{"count":0,"href":"https:\/\/ilheusnews.com.br\/index.php?rest_route=\/wp\/v2\/posts\/13495\/revisions"}],"wp:attachment":[{"href":"https:\/\/ilheusnews.com.br\/index.php?rest_route=%2Fwp%2Fv2%2Fmedia&parent=13495"}],"wp:term":[{"taxonomy":"category","embeddable":true,"href":"https:\/\/ilheusnews.com.br\/index.php?rest_route=%2Fwp%2Fv2%2Fcategories&post=13495"},{"taxonomy":"post_tag","embeddable":true,"href":"https:\/\/ilheusnews.com.br\/index.php?rest_route=%2Fwp%2Fv2%2Ftags&post=13495"}],"curies":[{"name":"wp","href":"https:\/\/api.w.org\/{rel}","templated":true}]}}