{"id":13476,"date":"2026-08-05T18:01:50","date_gmt":"2026-08-05T21:01:50","guid":{"rendered":"https:\/\/ilheusnews.com.br\/?p=13476"},"modified":"2026-08-05T18:01:50","modified_gmt":"2026-08-05T21:01:50","slug":"alfredo-gaspar-promete-lealdade-a-flavio-em-anuncio-sou-seu-soldado","status":"publish","type":"post","link":"https:\/\/ilheusnews.com.br\/?p=13476","title":{"rendered":"Alfredo Gaspar promete lealdade a Fl\u00e1vio em an\u00fancio: \u201csou seu soldado\u201d"},"content":{"rendered":"<div>Conhecido como relator da CPMI do INSS, o deputado\u00a0Alfredo Gaspar\u00a0(PL-AL)\u00a0prometeu, em discurso durante o\u00a0an\u00fancio\u00a0de sua escolha para vice nesta quarta-feira (5), que ser\u00e1 leal a\u00a0Fl\u00e1vio Bolsonaro\u00a0(PL-RJ)\u00a0e ao grupo pol\u00edtico liderado pelo ex-presidente Jair Bolsonaro. (Foto ilustra\u00e7\u00e3o: senadores Alfredo Gaspar e Fl\u00e1vio Bolsonaro) \u201cEu sou o seu soldado. Estarei como para-choque na retaguarda. Sempre leal e pronto para servir\u201d, afirmou ao agradecer o convite para compor a chapa. Em fala marcada por tom emocional e pol\u00edtico, Gaspar afirmou que estar\u00e1 ao lado do presidenci\u00e1vel para \u201ctransformar o Brasil\u201d. \u201cVossa Excel\u00eancia escolheu uma pessoa simples, nordestina, mas com a hist\u00f3ria de vida de muito trabalho e honrado. Estou aqui de cabe\u00e7a erguida para dizer que ao seu lado marcharei.\u201d O deputado fez refer\u00eancia ao ex-presidente Jair Bolsonaro, a quem atribuiu a retomada de valores no pa\u00eds. \u201cO senhor reacendeu em todos n\u00f3s, brasileiros, o sentimento de honra e esperan\u00e7a\u201d, declarou. Gaspar disse sentir saudades de duas pessoas. \u201cMeu pai, que est\u00e1 no c\u00e9u, e do seu pai, que est\u00e1 em cativeiro\u201d, afirmou, em refer\u00eancia a Jair Bolsonaro. Ele tamb\u00e9m agradeceu a lideran\u00e7as do PL, como o senador\u00a0Rog\u00e9rio Marinho\u00a0(PL-RN) e o presidente da sigla, Valdemar Costa Neto, destacando o apoio recebido ao longo de sua trajet\u00f3ria pol\u00edtica. Em tom mais pol\u00edtico, o parlamentar criticou o governo do presidente Luiz In\u00e1cio Lula da Silva (PT), responsabilizando a atual gest\u00e3o por problemas econ\u00f4micos e sociais. \u201cVamos enfrentar a corrup\u00e7\u00e3o, o crime organizado, essa economia em frangalhos, culpa do que Lula e a equipe t\u00eam feito com o pa\u00eds.\u201d Ao longo do discurso, Gaspar destacou sua origem e trajet\u00f3ria, afirmando representar o Nordeste na chapa. \u201cQuis Deus e o destino que este momento trouxesse um soldado do Nordeste\u201d, disse. (congressoemfoco)<\/div>\n","protected":false},"excerpt":{"rendered":"<p>Conhecido como relator da CPMI do INSS, o deputado\u00a0Alfredo Gaspar\u00a0(PL-AL)\u00a0prometeu, em discurso durante o\u00a0an\u00fancio\u00a0de sua escolha para vice nesta quarta-feira (5), que ser\u00e1 leal a\u00a0Fl\u00e1vio Bolsonaro\u00a0(PL-RJ)\u00a0e ao grupo pol\u00edtico liderado pelo ex-presidente Jair Bolsonaro. (Foto ilustra\u00e7\u00e3o: senadores Alfredo Gaspar e Fl\u00e1vio Bolsonaro) \u201cEu sou o seu soldado. Estarei como para-choque na retaguarda. Sempre leal e<\/p>\n","protected":false},"author":8,"featured_media":0,"comment_status":"closed","ping_status":"closed","sticky":false,"template":"","format":"standard","meta":{"fifu_image_url":"","fifu_image_alt":"","footnotes":""},"categories":[33],"tags":[],"class_list":["post-13476","post","type-post","status-publish","format-standard","hentry","category-noticias"],"_links":{"self":[{"href":"https:\/\/ilheusnews.com.br\/index.php?rest_route=\/wp\/v2\/posts\/13476","targetHints":{"allow":["GET"]}}],"collection":[{"href":"https:\/\/ilheusnews.com.br\/index.php?rest_route=\/wp\/v2\/posts"}],"about":[{"href":"https:\/\/ilheusnews.com.br\/index.php?rest_route=\/wp\/v2\/types\/post"}],"author":[{"embeddable":true,"href":"https:\/\/ilheusnews.com.br\/index.php?rest_route=\/wp\/v2\/users\/8"}],"replies":[{"embeddable":true,"href":"https:\/\/ilheusnews.com.br\/index.php?rest_route=%2Fwp%2Fv2%2Fcomments&post=13476"}],"version-history":[{"count":0,"href":"https:\/\/ilheusnews.com.br\/index.php?rest_route=\/wp\/v2\/posts\/13476\/revisions"}],"wp:attachment":[{"href":"https:\/\/ilheusnews.com.br\/index.php?rest_route=%2Fwp%2Fv2%2Fmedia&parent=13476"}],"wp:term":[{"taxonomy":"category","embeddable":true,"href":"https:\/\/ilheusnews.com.br\/index.php?rest_route=%2Fwp%2Fv2%2Fcategories&post=13476"},{"taxonomy":"post_tag","embeddable":true,"href":"https:\/\/ilheusnews.com.br\/index.php?rest_route=%2Fwp%2Fv2%2Ftags&post=13476"}],"curies":[{"name":"wp","href":"https:\/\/api.w.org\/{rel}","templated":true}]}}