{"id":13472,"date":"2026-08-05T18:01:27","date_gmt":"2026-08-05T21:01:27","guid":{"rendered":"https:\/\/ilheusnews.com.br\/?p=13472"},"modified":"2026-08-05T18:01:27","modified_gmt":"2026-08-05T21:01:27","slug":"tre-ba-x-encontro-de-juizes-eleitorais-inscricoes-ate-hoje-5-8","status":"publish","type":"post","link":"https:\/\/ilheusnews.com.br\/?p=13472","title":{"rendered":"TRE\/BA: X Encontro de Ju\u00edzes Eleitorais; inscri\u00e7\u00f5es at\u00e9 hoje (5\/8)"},"content":{"rendered":"<div>At\u00e9 esta quarta-feira (5\/8), o Tribunal Regional Eleitoral da Bahia (TRE-BA) recebe inscri\u00e7\u00f5es para o\u00a0X Encontro de Ju\u00edzas e Ju\u00edzes Eleitorais.\u00a0O evento, que ocorre especialmente em anos eleitorais, ser\u00e1 realizado no Audit\u00f3rio do Edif\u00edcio Sede do Tribunal, localizado no Centro Administrativo da Bahia (CAB), em Salvador, no dia 14 de agosto.\u00a0 (Foto ilustra\u00e7\u00e3o) O Encontro marca os preparativos para o pleito de 2026, que acontecer\u00e1 no dia 4 de outubro, com foco em capacitar, atualizar e alinhar a atua\u00e7\u00e3o da magistratura eleitoral baiana. As inscri\u00e7\u00f5es devem ser registradas no\u00a0formul\u00e1rio dispon\u00edvel\u00a0no site da Escola Judici\u00e1ria Eleitoral da Bahia (EJE-BA).\u00a0(Fonte: TRE\/BA)<\/div>\n","protected":false},"excerpt":{"rendered":"<p>At\u00e9 esta quarta-feira (5\/8), o Tribunal Regional Eleitoral da Bahia (TRE-BA) recebe inscri\u00e7\u00f5es para o\u00a0X Encontro de Ju\u00edzas e Ju\u00edzes Eleitorais.\u00a0O evento, que ocorre especialmente em anos eleitorais, ser\u00e1 realizado no Audit\u00f3rio do Edif\u00edcio Sede do Tribunal, localizado no Centro Administrativo da Bahia (CAB), em Salvador, no dia 14 de agosto.\u00a0 (Foto ilustra\u00e7\u00e3o) O Encontro<\/p>\n","protected":false},"author":8,"featured_media":0,"comment_status":"closed","ping_status":"closed","sticky":false,"template":"","format":"standard","meta":{"fifu_image_url":"","fifu_image_alt":"","footnotes":""},"categories":[33],"tags":[],"class_list":["post-13472","post","type-post","status-publish","format-standard","hentry","category-noticias"],"_links":{"self":[{"href":"https:\/\/ilheusnews.com.br\/index.php?rest_route=\/wp\/v2\/posts\/13472","targetHints":{"allow":["GET"]}}],"collection":[{"href":"https:\/\/ilheusnews.com.br\/index.php?rest_route=\/wp\/v2\/posts"}],"about":[{"href":"https:\/\/ilheusnews.com.br\/index.php?rest_route=\/wp\/v2\/types\/post"}],"author":[{"embeddable":true,"href":"https:\/\/ilheusnews.com.br\/index.php?rest_route=\/wp\/v2\/users\/8"}],"replies":[{"embeddable":true,"href":"https:\/\/ilheusnews.com.br\/index.php?rest_route=%2Fwp%2Fv2%2Fcomments&post=13472"}],"version-history":[{"count":0,"href":"https:\/\/ilheusnews.com.br\/index.php?rest_route=\/wp\/v2\/posts\/13472\/revisions"}],"wp:attachment":[{"href":"https:\/\/ilheusnews.com.br\/index.php?rest_route=%2Fwp%2Fv2%2Fmedia&parent=13472"}],"wp:term":[{"taxonomy":"category","embeddable":true,"href":"https:\/\/ilheusnews.com.br\/index.php?rest_route=%2Fwp%2Fv2%2Fcategories&post=13472"},{"taxonomy":"post_tag","embeddable":true,"href":"https:\/\/ilheusnews.com.br\/index.php?rest_route=%2Fwp%2Fv2%2Ftags&post=13472"}],"curies":[{"name":"wp","href":"https:\/\/api.w.org\/{rel}","templated":true}]}}