{"id":13467,"date":"2026-08-05T12:01:27","date_gmt":"2026-08-05T15:01:27","guid":{"rendered":"https:\/\/ilheusnews.com.br\/?p=13467"},"modified":"2026-08-05T12:01:27","modified_gmt":"2026-08-05T15:01:27","slug":"itaberaba-mpt-de-feira-recomenda-medidas-contra-possivel-assedio-moral-em-unidade-das-lojas-americanas","status":"publish","type":"post","link":"https:\/\/ilheusnews.com.br\/?p=13467","title":{"rendered":"Itaberaba: MPT de Feira recomenda medidas contra poss\u00edvel ass\u00e9dio moral em unidade das Lojas Americanas"},"content":{"rendered":"<div>O Minist\u00e9rio P\u00fablico do Trabalho (MPT) de Feira de Santana expediu recomenda\u00e7\u00e3o \u00e0s Lojas Americanas S.A. para ado\u00e7\u00e3o de medidas de preven\u00e7\u00e3o e combate ao ass\u00e9dio moral e outras formas de viol\u00eancia no ambiente de trabalho na unidade da empresa em Itaberaba. A atua\u00e7\u00e3o foi assinada pela procuradora do Trabalho, Geisekelly Bomfim de Santana Marques, dentro de um procedimento que apura poss\u00edvel ocorr\u00eancia de viol\u00eancia ou ass\u00e9dio psicol\u00f3gico. Entre as medidas recomendadas est\u00e3o a ado\u00e7\u00e3o de pr\u00e1ticas para impedir condutas abusivas contra trabalhadores, a realiza\u00e7\u00e3o de treinamentos sobre ass\u00e9dio moral, a cria\u00e7\u00e3o de canal de den\u00fancias com garantia de sigilo e prote\u00e7\u00e3o contra retalia\u00e7\u00f5es, al\u00e9m da implementa\u00e7\u00e3o de a\u00e7\u00f5es para identificar e reduzir riscos psicossociais no ambiente laboral. O MPT estabeleceu prazo de 30 dias para que a empresa comprove o cumprimento das recomenda\u00e7\u00f5es. A orienta\u00e7\u00e3o tamb\u00e9m determina a divulga\u00e7\u00e3o de materiais educativos aos funcion\u00e1rios e a inclus\u00e3o de regras internas de conduta sobre ass\u00e9dio e outras formas de viol\u00eancia no trabalho. (Da Reda\u00e7\u00e3o\/foto ilustra\u00e7\u00e3o)<\/div>\n","protected":false},"excerpt":{"rendered":"<p>O Minist\u00e9rio P\u00fablico do Trabalho (MPT) de Feira de Santana expediu recomenda\u00e7\u00e3o \u00e0s Lojas Americanas S.A. para ado\u00e7\u00e3o de medidas de preven\u00e7\u00e3o e combate ao ass\u00e9dio moral e outras formas de viol\u00eancia no ambiente de trabalho na unidade da empresa em Itaberaba. A atua\u00e7\u00e3o foi assinada pela procuradora do Trabalho, Geisekelly Bomfim de Santana Marques,<\/p>\n","protected":false},"author":8,"featured_media":0,"comment_status":"closed","ping_status":"closed","sticky":false,"template":"","format":"standard","meta":{"fifu_image_url":"","fifu_image_alt":"","footnotes":""},"categories":[33],"tags":[],"class_list":["post-13467","post","type-post","status-publish","format-standard","hentry","category-noticias"],"_links":{"self":[{"href":"https:\/\/ilheusnews.com.br\/index.php?rest_route=\/wp\/v2\/posts\/13467","targetHints":{"allow":["GET"]}}],"collection":[{"href":"https:\/\/ilheusnews.com.br\/index.php?rest_route=\/wp\/v2\/posts"}],"about":[{"href":"https:\/\/ilheusnews.com.br\/index.php?rest_route=\/wp\/v2\/types\/post"}],"author":[{"embeddable":true,"href":"https:\/\/ilheusnews.com.br\/index.php?rest_route=\/wp\/v2\/users\/8"}],"replies":[{"embeddable":true,"href":"https:\/\/ilheusnews.com.br\/index.php?rest_route=%2Fwp%2Fv2%2Fcomments&post=13467"}],"version-history":[{"count":0,"href":"https:\/\/ilheusnews.com.br\/index.php?rest_route=\/wp\/v2\/posts\/13467\/revisions"}],"wp:attachment":[{"href":"https:\/\/ilheusnews.com.br\/index.php?rest_route=%2Fwp%2Fv2%2Fmedia&parent=13467"}],"wp:term":[{"taxonomy":"category","embeddable":true,"href":"https:\/\/ilheusnews.com.br\/index.php?rest_route=%2Fwp%2Fv2%2Fcategories&post=13467"},{"taxonomy":"post_tag","embeddable":true,"href":"https:\/\/ilheusnews.com.br\/index.php?rest_route=%2Fwp%2Fv2%2Ftags&post=13467"}],"curies":[{"name":"wp","href":"https:\/\/api.w.org\/{rel}","templated":true}]}}