{"id":13412,"date":"2026-08-04T06:06:06","date_gmt":"2026-08-04T09:06:06","guid":{"rendered":"https:\/\/ilheusnews.com.br\/?p=13412"},"modified":"2026-08-04T06:06:06","modified_gmt":"2026-08-04T09:06:06","slug":"juventude-x-atletico-mg-onde-assistir-horario-e-escalacoes-da-copa-do-brasil","status":"publish","type":"post","link":"https:\/\/ilheusnews.com.br\/?p=13412","title":{"rendered":"Juventude x Atl\u00e9tico-MG: onde assistir, hor\u00e1rio e escala\u00e7\u00f5es da Copa do Brasil"},"content":{"rendered":"<div>\n<p>Nesta quarta-feira (04), <strong>Juventude e Atl\u00e9tico-MG<\/strong> se enfrentam pelo <strong>jogo de volta das oitavas de final<\/strong> da Copa do Brasil. O jogo acontece a partir das <strong>19h30<\/strong> (hor\u00e1rio de\u00a0Bras\u00edlia) e ser\u00e1 disputado no <strong>Est\u00e1dio Alfredo Jaconi, em Caxias do Sul<\/strong> (RS).<\/p>\n<ul>\n<li><strong>Juventude x Atl\u00e9tico-MG:<\/strong>\n<ul>\n<li><strong>Competi\u00e7\u00e3o<\/strong>: Copa do Brasil<\/li>\n<li><strong>Fase:<\/strong> oitavas de final (volta)<\/li>\n<li><strong>Data<\/strong>: 04\/08 (quarta-feira)<\/li>\n<li><strong>Hor\u00e1rio<\/strong>: 19h30 (hor\u00e1rio de Bras\u00edlia)<\/li>\n<li>\u200b<strong>Local<\/strong>: Est\u00e1dio Alfredo Jaconi, em Caxias do Sul (RS)<\/li>\n<\/ul>\n<\/li>\n<\/ul>\n<p><a href=\"https:\/\/olhardigital.com.br\/esportes\/jogos\" target=\"_blank\" rel=\"noreferrer noopener\">Confira aqui a tabela com todos os jogos de hoje!<\/a><\/p>\n<h2 class=\"wp-block-heading\" id=\"h-onde-assistir-a-juventude-e-atletico-mg-pelo-gauchao\">Onde assistir a Juventude e Atl\u00e9tico-MG pelo Gauch\u00e3o?<\/h2>\n<p><strong>O\u00a0confronto entre Juventude e Atl\u00e9tico-MG<\/strong>\u00a0<strong>ser\u00e1 transmitido ao vivo pelo streaming Amazon Prime.<\/strong><\/p>\n<p><strong>*Para assinar o Premiere com sete dias gr\u00e1tis pelo Prime, clique\u00a0<a href=\"https:\/\/www.primevideo.com\/offers\/?benefitId=premierefcbr&amp;tag=odofertas-20\" target=\"_blank\" rel=\"noreferrer noopener\">aqui<\/a><\/strong><\/p>\n<h3 class=\"wp-block-heading\" id=\"h-possiveis-escalacoes\">Poss\u00edveis escala\u00e7\u00f5es:<\/h3>\n<ul>\n<li><strong>Juventude:<\/strong>\u00a0Jandrei; Gabriel, Titi e Marcos Paulo; Nathan, Lucas Mineiro, Ra\u00ed Silva e Patryck Lanza; F\u00e1bio Lima, Marcos Paulo e Alisson Safira.\n<ul>\n<li><strong>T\u00e9cnico<\/strong>: Mauricio Barbieri.<\/li>\n<\/ul>\n<\/li>\n<li><strong>Atl\u00e9tico-MG:<\/strong>\u00a0Everson; Preciado (Natanael) Ruan, Lyanco e Renan Lodi; Tom\u00e1s P\u00e9rez, Maycon, Bernard, Victor Hugo e Tom\u00e1s Cuello (Dudu); Cassierra.\n<ul>\n<li><strong>T\u00e9cnico<\/strong>: Eduardo Dom\u00ednguez.<\/li>\n<\/ul>\n<\/li>\n<li><strong>Arbitragem:<\/strong>\n<ul>\n<li><strong>\u00c1rbitro<\/strong>: Fl\u00e1vio Rodrigues de Souza (SP);<\/li>\n<li><strong>Assistentes<\/strong>: Alex Ang Ribeiro (SP) e Cipriano da Silva Sousa (TO);<\/li>\n<li><strong>Quarto \u00e1rbitro<\/strong>: F\u00e1bio Augusto Santos S\u00e1 Junior (SE);<\/li>\n<li><strong>VAR<\/strong>: Rafael Traci (SC).<\/li>\n<\/ul>\n<\/li>\n<\/ul>\n<p>*<em>As escala\u00e7\u00f5es s\u00e3o confirmadas cerca de uma hora antes do jogo.<\/em><\/p>\n<p><strong>Leia mais:<\/strong><\/p>\n<ul>\n<li><a href=\"https:\/\/olhardigital.com.br\/2022\/06\/28\/dicas-e-tutoriais\/como-saber-em-qual-streaming-esta-o-seu-filme-ou-serie-favorita\/\" target=\"_blank\" rel=\"noreferrer noopener\">Como saber em qual streaming est\u00e1 o seu filme ou s\u00e9rie favorita<\/a><\/li>\n<li><a href=\"https:\/\/olhardigital.com.br\/2023\/06\/26\/dicas-e-tutoriais\/como-assistir-a-jogos-de-futebol-ao-vivo-gratuitamente-online\/amp\/\" target=\"_blank\" rel=\"noreferrer noopener\">Como assistir a jogos de futebol ao vivo gratuitamente online<\/a><\/li>\n<li><a href=\"https:\/\/olhardigital.com.br\/2022\/08\/02\/internet-e-redes-sociais\/tecnologia-no-futebol-existe-solucao-para-os-erros-do-var\/amp\/\" target=\"_blank\" rel=\"noreferrer noopener\">Tecnologia no futebol: existe solu\u00e7\u00e3o para os erros do VAR?<\/a> <\/li>\n<\/ul>\n<h2 class=\"wp-block-heading\" id=\"h-como-chegam-as-equipes-para-o-confronto\">Como chegam as equipes para o confronto<\/h2>\n<p>Ap\u00f3s empatar por 0 a 0 no jogo de ida, em Belo Horizonte, o Juventude decide a classifica\u00e7\u00e3o diante da torcida, no Alfredo Jaconi. Invicto em casa na Copa do Brasil desde 2020, o time ga\u00facho busca uma vaga nas quartas de final da competi\u00e7\u00e3o.<\/p>\n<p>O Atl\u00e9tico-MG busca garantir a classifica\u00e7\u00e3o no tempo normal e evitar uma nova disputa por p\u00eanaltis. O t\u00e9cnico Eduardo Dom\u00ednguez destacou a solidez defensiva do advers\u00e1rio e reconheceu a dificuldade da partida no Rio Grande do Sul, mas afirmou que o Galo entra em campo em busca da vit\u00f3ria.<\/p>\n<p><a href=\"https:\/\/olhardigital.com.br\/esportes\/jogos\/\" target=\"_blank\" rel=\"noreferrer noopener\">N\u00e3o quer perder nenhuma partida do seu esporte preferido? Confira os jogos de hoje!<\/a><\/p>\n<p>O post <a href=\"https:\/\/olhardigital.com.br\/2026\/08\/04\/internet-e-redes-sociais\/juventude-x-atletico-mg-onde-assistir-horario-e-escalacoes-da-copa-do-brasil\/\">Juventude x Atl\u00e9tico-MG: onde assistir, hor\u00e1rio e escala\u00e7\u00f5es da Copa do Brasil<\/a> apareceu primeiro em <a href=\"https:\/\/olhardigital.com.br\/\">Olhar Digital<\/a>.<\/p>\n<\/div>\n","protected":false},"excerpt":{"rendered":"<p>Nesta quarta-feira (04), Juventude e Atl\u00e9tico-MG se enfrentam pelo jogo de volta das oitavas de final da Copa do Brasil. O jogo acontece a partir das 19h30 (hor\u00e1rio de\u00a0Bras\u00edlia) e ser\u00e1 disputado no Est\u00e1dio Alfredo Jaconi, em Caxias do Sul (RS). Juventude x Atl\u00e9tico-MG: Competi\u00e7\u00e3o: Copa do Brasil Fase: oitavas de final (volta) Data: 04\/08<\/p>\n","protected":false},"author":6,"featured_media":0,"comment_status":"closed","ping_status":"closed","sticky":false,"template":"","format":"standard","meta":{"fifu_image_url":"","fifu_image_alt":"","footnotes":""},"categories":[33],"tags":[],"class_list":["post-13412","post","type-post","status-publish","format-standard","hentry","category-noticias"],"_links":{"self":[{"href":"https:\/\/ilheusnews.com.br\/index.php?rest_route=\/wp\/v2\/posts\/13412","targetHints":{"allow":["GET"]}}],"collection":[{"href":"https:\/\/ilheusnews.com.br\/index.php?rest_route=\/wp\/v2\/posts"}],"about":[{"href":"https:\/\/ilheusnews.com.br\/index.php?rest_route=\/wp\/v2\/types\/post"}],"author":[{"embeddable":true,"href":"https:\/\/ilheusnews.com.br\/index.php?rest_route=\/wp\/v2\/users\/6"}],"replies":[{"embeddable":true,"href":"https:\/\/ilheusnews.com.br\/index.php?rest_route=%2Fwp%2Fv2%2Fcomments&post=13412"}],"version-history":[{"count":0,"href":"https:\/\/ilheusnews.com.br\/index.php?rest_route=\/wp\/v2\/posts\/13412\/revisions"}],"wp:attachment":[{"href":"https:\/\/ilheusnews.com.br\/index.php?rest_route=%2Fwp%2Fv2%2Fmedia&parent=13412"}],"wp:term":[{"taxonomy":"category","embeddable":true,"href":"https:\/\/ilheusnews.com.br\/index.php?rest_route=%2Fwp%2Fv2%2Fcategories&post=13412"},{"taxonomy":"post_tag","embeddable":true,"href":"https:\/\/ilheusnews.com.br\/index.php?rest_route=%2Fwp%2Fv2%2Ftags&post=13412"}],"curies":[{"name":"wp","href":"https:\/\/api.w.org\/{rel}","templated":true}]}}