{"id":13411,"date":"2026-08-04T06:06:06","date_gmt":"2026-08-04T09:06:06","guid":{"rendered":"https:\/\/ilheusnews.com.br\/?p=13411"},"modified":"2026-08-04T06:06:06","modified_gmt":"2026-08-04T09:06:06","slug":"apple-remove-telegram-da-app-store-por-violacao-de-regras-sobre-abuso-infantil","status":"publish","type":"post","link":"https:\/\/ilheusnews.com.br\/?p=13411","title":{"rendered":"Apple remove Telegram da App Store por viola\u00e7\u00e3o de regras sobre abuso infantil"},"content":{"rendered":"<div>\n<p>A Apple afirmou nesta segunda-feira (3) que removeu, temporariamente, o aplicativo Telegram da App Store em todo o mundo. Segundo a big tech, foi identificado um conte\u00fado que violava as normas de \u201cproibi\u00e7\u00e3o de material de abuso sexual infantil\u201d.<\/p>\n<p>Ainda de acordo com a empresa, o mensageiro voltou \u00e0 loja depois de remover prontamente o conte\u00fado e banir o usu\u00e1rio que o publicou.<\/p>\n<p>O Telegram escreveu no X: \u201cOs relatos sobre a minha morte s\u00e3o muito exagerados\u201d.<\/p>\n<blockquote class=\"twitter-tweet\">\n<p lang=\"en\" dir=\"ltr\">reports of my demise are greatly exaggerated \ud83c\udf4e<\/p>\n<p>\u2014 Telegram Messenger (@telegram) <a href=\"https:\/\/x.com\/telegram\/status\/2084467357569970681?ref_src=twsrc%5Etfw\">August 4, 2026<\/a><\/p><\/blockquote>\n<p> <script async src=\"https:\/\/platform.x.com\/widgets.js\" charset=\"utf-8\"><\/script><\/p>\n<p>O Telegram, que possui mais de um bilh\u00e3o de usu\u00e1rios ativos mensais, diz ter uma pol\u00edtica de toler\u00e2ncia zero para conte\u00fado relacionado a abuso sexual infantil. A empresa afirma ter bloqueado quase 338 mil grupos e canais por esse tipo de material em 2026.<\/p>\n<h2 class=\"wp-block-heading\" id=\"h-historico-recente-do-telegram\">Hist\u00f3rico recente do Telegram<\/h2>\n<p>Em abril, a ag\u00eancia reguladora de comunica\u00e7\u00f5es do Reino Unido come\u00e7ou uma investiga\u00e7\u00e3o sobre evid\u00eancias que sugeriam o compartilhamento de material de abuso sexual infantil no aplicativo.<\/p>\n<p>A empresa negou \u201ccategoricamente\u201d as acusa\u00e7\u00f5es informando que, desde 2018, \u201cpraticamente eliminou\u201d a dissemina\u00e7\u00e3o p\u00fablica de material de abuso sexual infantil. De acordo com o Telegram, para isso, foram usados algoritmos de detec\u00e7\u00e3o.<\/p>\n<p>Em fevereiro, o Telegram foi multado na Austr\u00e1lia por atrasar as respostas a questionamentos sobre as medidas tomadas para conter o conte\u00fado relacionado a abuso infantil e comportamento extremista violento.<\/p>\n<p>As informa\u00e7\u00f5es s\u00e3o da ag\u00eancia <a href=\"https:\/\/www.reuters.com\/business\/retail-consumer\/telegram-says-app-restored-apples-app-store-2026-08-04\/\" target=\"_blank\" rel=\"noreferrer noopener\">Reuters.<\/a><\/p>\n<p>O post <a href=\"https:\/\/olhardigital.com.br\/2026\/08\/04\/internet-e-redes-sociais\/apple-remove-telegram-da-app-store-por-violacao-de-regras-sobre-abuso-infantil\/\">Apple remove Telegram da App Store por viola\u00e7\u00e3o de regras sobre abuso infantil<\/a> apareceu primeiro em <a href=\"https:\/\/olhardigital.com.br\/\">Olhar Digital<\/a>.<\/p>\n<\/div>\n","protected":false},"excerpt":{"rendered":"<p>A Apple afirmou nesta segunda-feira (3) que removeu, temporariamente, o aplicativo Telegram da App Store em todo o mundo. Segundo a big tech, foi identificado um conte\u00fado que violava as normas de \u201cproibi\u00e7\u00e3o de material de abuso sexual infantil\u201d. Ainda de acordo com a empresa, o mensageiro voltou \u00e0 loja depois de remover prontamente o<\/p>\n","protected":false},"author":6,"featured_media":0,"comment_status":"closed","ping_status":"closed","sticky":false,"template":"","format":"standard","meta":{"fifu_image_url":"","fifu_image_alt":"","footnotes":""},"categories":[33],"tags":[],"class_list":["post-13411","post","type-post","status-publish","format-standard","hentry","category-noticias"],"_links":{"self":[{"href":"https:\/\/ilheusnews.com.br\/index.php?rest_route=\/wp\/v2\/posts\/13411","targetHints":{"allow":["GET"]}}],"collection":[{"href":"https:\/\/ilheusnews.com.br\/index.php?rest_route=\/wp\/v2\/posts"}],"about":[{"href":"https:\/\/ilheusnews.com.br\/index.php?rest_route=\/wp\/v2\/types\/post"}],"author":[{"embeddable":true,"href":"https:\/\/ilheusnews.com.br\/index.php?rest_route=\/wp\/v2\/users\/6"}],"replies":[{"embeddable":true,"href":"https:\/\/ilheusnews.com.br\/index.php?rest_route=%2Fwp%2Fv2%2Fcomments&post=13411"}],"version-history":[{"count":0,"href":"https:\/\/ilheusnews.com.br\/index.php?rest_route=\/wp\/v2\/posts\/13411\/revisions"}],"wp:attachment":[{"href":"https:\/\/ilheusnews.com.br\/index.php?rest_route=%2Fwp%2Fv2%2Fmedia&parent=13411"}],"wp:term":[{"taxonomy":"category","embeddable":true,"href":"https:\/\/ilheusnews.com.br\/index.php?rest_route=%2Fwp%2Fv2%2Fcategories&post=13411"},{"taxonomy":"post_tag","embeddable":true,"href":"https:\/\/ilheusnews.com.br\/index.php?rest_route=%2Fwp%2Fv2%2Ftags&post=13411"}],"curies":[{"name":"wp","href":"https:\/\/api.w.org\/{rel}","templated":true}]}}