{"id":13299,"date":"2026-08-02T06:01:29","date_gmt":"2026-08-02T09:01:29","guid":{"rendered":"https:\/\/ilheusnews.com.br\/?p=13299"},"modified":"2026-08-02T06:01:29","modified_gmt":"2026-08-02T09:01:29","slug":"lei-da-ia-entra-em-vigor-na-uniao-europeia-veja-o-que-muda","status":"publish","type":"post","link":"https:\/\/ilheusnews.com.br\/?p=13299","title":{"rendered":"Lei da IA entra em vigor na Uni\u00e3o Europeia; veja o que muda"},"content":{"rendered":"<div>\n<p>A <a href=\"https:\/\/olhardigital.com.br\/tag\/uniao-europeia\/\" target=\"_blank\" rel=\"noreferrer noopener\">Uni\u00e3o Europeia<\/a> inicia neste domingo (2) uma nova fase da implementa\u00e7\u00e3o da <a href=\"https:\/\/olhardigital.com.br\/tag\/lei-da-ia\/\" target=\"_blank\" rel=\"noreferrer noopener\">Lei da Intelig\u00eancia Artificial da Uni\u00e3o Europeia<\/a> (AI Act), legisla\u00e7\u00e3o que regulamenta o uso da IA no bloco. Embora o regulamento tenha entrado formalmente em vigor em agosto de 2024 e algumas regras j\u00e1 estivessem sendo aplicadas desde 2025, a maior parte das disposi\u00e7\u00f5es passa a valer a partir de agora.<\/p>\n<p>A legisla\u00e7\u00e3o classifica os sistemas de <a href=\"https:\/\/olhardigital.com.br\/tag\/inteligencia-artificial\/\" target=\"_blank\" rel=\"noreferrer noopener\">intelig\u00eancia artificial<\/a> conforme o risco que representam e estabelece obriga\u00e7\u00f5es diferentes para cada categoria. Com a nova fase da implementa\u00e7\u00e3o, aumentam as exig\u00eancias para empresas que desenvolvem e utilizam essas tecnologias, incluindo medidas de transpar\u00eancia para conte\u00fados gerados por IA e o in\u00edcio da fiscaliza\u00e7\u00e3o de modelos de IA de prop\u00f3sito geral pela Comiss\u00e3o Europeia.<\/p>\n<h2 class=\"wp-block-heading\" id=\"h-o-que-muda-com-o-ai-act-da-ue\">O que muda com o AI Act da UE?<\/h2>\n<p>O AI Act \u00e9 considerado a primeira legisla\u00e7\u00e3o abrangente sobre IA aprovada por um grande \u00f3rg\u00e3o regulador.<\/p>\n<p>A legisla\u00e7\u00e3o adota uma abordagem baseada em risco, classificando as aplica\u00e7\u00f5es de IA em tr\u00eas categorias: sistemas de risco inaceit\u00e1vel (proibidos), sistemas de alto risco (sujeitos a requisitos espec\u00edficos) e sistemas que n\u00e3o s\u00e3o proibidos nem classificados como de alto risco. Al\u00e9m disso, o regulamento estabelece obriga\u00e7\u00f5es de transpar\u00eancia previstas no Artigo 50 para situa\u00e7\u00f5es espec\u00edficas, como o uso de <a href=\"https:\/\/olhardigital.com.br\/tag\/chatbots\/\" target=\"_blank\" rel=\"noreferrer noopener\">chatbots<\/a> e a gera\u00e7\u00e3o de conte\u00fado sint\u00e9tico, independentemente da classifica\u00e7\u00e3o de risco do sistema.<\/p>\n<p>Sistemas considerados de risco inaceit\u00e1vel, como determinadas formas de pontua\u00e7\u00e3o social e algumas pr\u00e1ticas de manipula\u00e7\u00e3o comportamental, s\u00e3o proibidos. J\u00e1 aplica\u00e7\u00f5es classificadas como de alto risco \u2014 utilizadas em \u00e1reas como sa\u00fade, educa\u00e7\u00e3o, recrutamento, concess\u00e3o de cr\u00e9dito e servi\u00e7os p\u00fablicos \u2014 precisam cumprir requisitos espec\u00edficos antes de serem disponibilizadas.<\/p>\n<p>A partir de 2 de agosto, entram em vigor tamb\u00e9m as obriga\u00e7\u00f5es de transpar\u00eancia previstas no Artigo 50 da legisla\u00e7\u00e3o. Ao contr\u00e1rio de outras partes do AI Act, essas regras n\u00e3o se limitam aos sistemas classificados como de alto risco: elas se aplicam a qualquer sistema de IA utilizado nas situa\u00e7\u00f5es previstas pela norma.<\/p>\n<p>As exig\u00eancias se aplicam tanto aos provedores desses sistemas quanto \u00e0s empresas e organiza\u00e7\u00f5es que utilizam ferramentas de IA.<\/p>\n<div class=\"wp-block-image\">\n<figure class=\"aligncenter size-large\"><figcaption class=\"wp-element-caption\">A legisla\u00e7\u00e3o europeia estabelece diferentes n\u00edveis de risco para sistemas de intelig\u00eancia artificial e amplia as obriga\u00e7\u00f5es de transpar\u00eancia e fiscaliza\u00e7\u00e3o sobre empresas que desenvolvem ou utilizam a tecnologia \u2013 Imagem: RaffMaster \/ Shutterstock<\/figcaption><\/figure>\n<\/div>\n<h2 class=\"wp-block-heading\" id=\"h-novas-regras-para-chatbots-deepfakes-e-conteudo-gerado-por-ia\">Novas regras para chatbots, deepfakes e conte\u00fado gerado por IA<\/h2>\n<p>Entre as principais obriga\u00e7\u00f5es que passam a valer est\u00e3o:<\/p>\n<ul>\n<li>provedores de chatbots, assistentes virtuais e outros sistemas que interagem diretamente com pessoas dever\u00e3o informar aos usu\u00e1rios que eles est\u00e3o conversando com uma IA;<\/li>\n<li>provedores de sistemas capazes de gerar textos, imagens, v\u00eddeos e \u00e1udios dever\u00e3o garantir que esses conte\u00fados sejam marcados em formato leg\u00edvel por m\u00e1quina, para que possam ser identificados como produzidos ou manipulados por IA;<\/li>\n<li>empresas e organiza\u00e7\u00f5es que utilizarem IA para criar <a href=\"https:\/\/olhardigital.com.br\/tag\/deepfakes\/\" target=\"_blank\" rel=\"noreferrer noopener\">deepfakes<\/a> dever\u00e3o informar que aquele conte\u00fado foi gerado ou alterado artificialmente;<\/li>\n<li>textos gerados por IA publicados com o objetivo de informar o p\u00fablico sobre temas de interesse p\u00fablico tamb\u00e9m dever\u00e3o ser identificados, exceto quando tiverem passado por revis\u00e3o humana e houver responsabilidade editorial sobre a publica\u00e7\u00e3o.<\/li>\n<\/ul>\n<p>As regras tamb\u00e9m se aplicam a sistemas de c\u00f3digo aberto quando eles se enquadram nas situa\u00e7\u00f5es previstas pelo Artigo 50. Modelos de IA generativa que j\u00e1 estavam dispon\u00edveis no mercado antes de 2 de agosto de 2026 ter\u00e3o at\u00e9 2 de dezembro deste ano para cumprir especificamente a exig\u00eancia de marca\u00e7\u00e3o em formato leg\u00edvel por m\u00e1quina.<\/p>\n<h2 class=\"wp-block-heading\" id=\"h-comissao-europeia-podera-fiscalizar-e-multar-empresas\">Comiss\u00e3o Europeia poder\u00e1 fiscalizar e multar empresas<\/h2>\n<p>Outra novidade \u00e9 que a Comiss\u00e3o Europeia passa a exercer poderes de supervis\u00e3o sobre provedores de modelos de intelig\u00eancia artificial de prop\u00f3sito geral (GPAI), categoria que inclui grandes modelos de linguagem usados em chatbots e outras ferramentas de IA generativa.<\/p>\n<p>Esses provedores j\u00e1 estavam sujeitos a obriga\u00e7\u00f5es desde agosto de 2025, mas a legisla\u00e7\u00e3o previa um per\u00edodo de adapta\u00e7\u00e3o de um ano antes do in\u00edcio da fiscaliza\u00e7\u00e3o. A partir deste domingo, a Comiss\u00e3o poder\u00e1 solicitar documenta\u00e7\u00e3o t\u00e9cnica, realizar avalia\u00e7\u00f5es, exigir medidas para adequa\u00e7\u00e3o \u00e0s regras, restringir a oferta desses modelos e at\u00e9 determinar sua retirada do mercado.<\/p>\n<p>As multas podem chegar a <strong>3% do faturamento global anual da empresa ou 15 milh\u00f5es de euros<\/strong>, prevalecendo o maior valor, dependendo da infra\u00e7\u00e3o cometida.<\/p>\n<div class=\"wp-block-image\">\n<figure class=\"aligncenter size-large\"><img loading=\"lazy\" decoding=\"async\" width=\"1024\" height=\"577\" src=\"https:\/\/ilheusnews.com.br\/wp-content\/uploads\/2026\/08\/europa-IA-e1752171988150-1024x577-1.jpg\" alt='Mapa da Europa em azul, com os dizeres \"AI\" em cima' class=\"wp-image-971159\" srcset=\"https:\/\/img.odcdn.com.br\/wp-content\/uploads\/2024\/09\/europa-IA-e1752171988150-1024x577.jpg 1024w, https:\/\/img.odcdn.com.br\/wp-content\/uploads\/2024\/09\/europa-IA-e1752171988150-300x169.jpg 300w, https:\/\/img.odcdn.com.br\/wp-content\/uploads\/2024\/09\/europa-IA-e1752171988150-768x432.jpg 768w, https:\/\/img.odcdn.com.br\/wp-content\/uploads\/2024\/09\/europa-IA-e1752171988150-1536x865.jpg 1536w, https:\/\/img.odcdn.com.br\/wp-content\/uploads\/2024\/09\/europa-IA-e1752171988150-1920x1080.jpg 1920w, https:\/\/img.odcdn.com.br\/wp-content\/uploads\/2024\/09\/europa-IA-e1752171988150-150x84.jpg 150w, https:\/\/img.odcdn.com.br\/wp-content\/uploads\/2024\/09\/europa-IA-e1752171988150-1280x720.jpg 1280w, https:\/\/img.odcdn.com.br\/wp-content\/uploads\/2024\/09\/europa-IA-e1752171988150.jpg 2000w\" sizes=\"auto, (max-width: 1024px) 100vw, 1024px\"><figcaption class=\"wp-element-caption\">A partir de 2 de agosto, a Comiss\u00e3o Europeia passa a exercer poderes de fiscaliza\u00e7\u00e3o sobre provedores de modelos de IA de prop\u00f3sito geral, podendo exigir adequa\u00e7\u00f5es e aplicar multas em caso de descumprimento das regras \u2013 Imagem: Ivan Marc\/Shutterstock<\/figcaption><\/figure>\n<\/div>\n<h2 class=\"wp-block-heading\" id=\"h-como-o-ai-act-foi-implementado\">Como o AI Act foi implementado<\/h2>\n<p>A aplica\u00e7\u00e3o do AI Act foi dividida em diferentes fases. O regulamento entrou formalmente em vigor em agosto de 2024, mas boa parte de suas disposi\u00e7\u00f5es teve per\u00edodos de transi\u00e7\u00e3o.<\/p>\n<p>Em fevereiro de 2025 come\u00e7aram a valer as regras que pro\u00edbem determinadas pr\u00e1ticas consideradas de risco inaceit\u00e1vel. Em agosto do mesmo ano, passaram a ser aplicadas as obriga\u00e7\u00f5es para modelos de IA de prop\u00f3sito geral (GPAI). Agora, em 2 de agosto de 2026, entra em vigor a maior parte das disposi\u00e7\u00f5es da legisla\u00e7\u00e3o, incluindo as regras de transpar\u00eancia previstas no Artigo 50 e o in\u00edcio da fiscaliza\u00e7\u00e3o da Comiss\u00e3o Europeia sobre esses modelos.<\/p>\n<h2 class=\"wp-block-heading\" id=\"h-empresas-brasileiras-tambem-podem-ser-afetadas\">Empresas brasileiras tamb\u00e9m podem ser afetadas<\/h2>\n<p>Embora o Brasil ainda discuta seu pr\u00f3prio marco regulat\u00f3rio para intelig\u00eancia artificial, empresas brasileiras que desenvolvem solu\u00e7\u00f5es de IA ou prestam servi\u00e7os para clientes da Uni\u00e3o Europeia tamb\u00e9m poder\u00e3o precisar cumprir as exig\u00eancias previstas pelo AI Act.<\/p>\n<p>A legisla\u00e7\u00e3o se aplica aos provedores de modelos colocados no mercado europeu, independentemente do pa\u00eds onde estejam sediados. Isso significa que empresas de fora da Uni\u00e3o Europeia tamb\u00e9m podem ficar sujeitas \u00e0s regras caso disponibilizem seus sistemas para usu\u00e1rios do bloco.<\/p>\n<p>O post <a href=\"https:\/\/olhardigital.com.br\/2026\/08\/02\/inteligencia-artificial\/lei-da-ia-entra-em-vigor-na-uniao-europeia-veja-o-que-muda\/\">Lei da IA entra em vigor na Uni\u00e3o Europeia; veja o que muda<\/a> apareceu primeiro em <a href=\"https:\/\/olhardigital.com.br\/\">Olhar Digital<\/a>.<\/p>\n<\/div>\n","protected":false},"excerpt":{"rendered":"<p>A Uni\u00e3o Europeia inicia neste domingo (2) uma nova fase da implementa\u00e7\u00e3o da Lei da Intelig\u00eancia Artificial da Uni\u00e3o Europeia (AI Act), legisla\u00e7\u00e3o que regulamenta o uso da IA no bloco. Embora o regulamento tenha entrado formalmente em vigor em agosto de 2024 e algumas regras j\u00e1 estivessem sendo aplicadas desde 2025, a maior parte<\/p>\n","protected":false},"author":6,"featured_media":13300,"comment_status":"closed","ping_status":"closed","sticky":false,"template":"","format":"standard","meta":{"fifu_image_url":"https:\/\/olhardigital.com.br\/wp-content\/uploads\/2026\/03\/ia-ue-1024x682.jpg","fifu_image_alt":"Lei da IA entra em vigor na Uni\u00e3o Europeia; veja o que muda","footnotes":""},"categories":[33],"tags":[],"class_list":["post-13299","post","type-post","status-publish","format-standard","has-post-thumbnail","hentry","category-noticias"],"_links":{"self":[{"href":"https:\/\/ilheusnews.com.br\/index.php?rest_route=\/wp\/v2\/posts\/13299","targetHints":{"allow":["GET"]}}],"collection":[{"href":"https:\/\/ilheusnews.com.br\/index.php?rest_route=\/wp\/v2\/posts"}],"about":[{"href":"https:\/\/ilheusnews.com.br\/index.php?rest_route=\/wp\/v2\/types\/post"}],"author":[{"embeddable":true,"href":"https:\/\/ilheusnews.com.br\/index.php?rest_route=\/wp\/v2\/users\/6"}],"replies":[{"embeddable":true,"href":"https:\/\/ilheusnews.com.br\/index.php?rest_route=%2Fwp%2Fv2%2Fcomments&post=13299"}],"version-history":[{"count":0,"href":"https:\/\/ilheusnews.com.br\/index.php?rest_route=\/wp\/v2\/posts\/13299\/revisions"}],"wp:featuredmedia":[{"embeddable":true,"href":"https:\/\/ilheusnews.com.br\/index.php?rest_route=\/wp\/v2\/media\/13300"}],"wp:attachment":[{"href":"https:\/\/ilheusnews.com.br\/index.php?rest_route=%2Fwp%2Fv2%2Fmedia&parent=13299"}],"wp:term":[{"taxonomy":"category","embeddable":true,"href":"https:\/\/ilheusnews.com.br\/index.php?rest_route=%2Fwp%2Fv2%2Fcategories&post=13299"},{"taxonomy":"post_tag","embeddable":true,"href":"https:\/\/ilheusnews.com.br\/index.php?rest_route=%2Fwp%2Fv2%2Ftags&post=13299"}],"curies":[{"name":"wp","href":"https:\/\/api.w.org\/{rel}","templated":true}]}}