{"id":13270,"date":"2026-08-01T18:02:20","date_gmt":"2026-08-01T21:02:20","guid":{"rendered":"https:\/\/ilheusnews.com.br\/?p=13270"},"modified":"2026-08-01T18:02:20","modified_gmt":"2026-08-01T21:02:20","slug":"conceicao-do-coite-marcelo-araujo-tem-investigacao-sobre-concurso-de-agentes-comunitarios-de-saude-prorrogada","status":"publish","type":"post","link":"https:\/\/ilheusnews.com.br\/?p=13270","title":{"rendered":"Concei\u00e7\u00e3o do Coit\u00e9: Marcelo Ara\u00fajo tem investiga\u00e7\u00e3o sobre concurso de agentes comunit\u00e1rios de sa\u00fade prorrogada"},"content":{"rendered":"<div>A apura\u00e7\u00e3o sobre poss\u00edveis irregularidades no concurso p\u00fablico para agente comunit\u00e1rio de sa\u00fade da prefeitura de Concei\u00e7\u00e3o do Coit\u00e9 seguir\u00e1 por mais tempo. O Minist\u00e9rio P\u00fablico prorrogou por 90 dias a investiga\u00e7\u00e3o que a apura a convoca\u00e7\u00e3o de candidatos aprovados para as vagas reservadas a pessoas pretas, pardas, ind\u00edgenas e quilombolas, mantendo a gest\u00e3o do prefeito Marcelo Ara\u00fajo (Uni\u00e3o Brasil \u2013 foto ilustra\u00e7\u00e3o) sob acompanhamento. A investiga\u00e7\u00e3o tem como foco o cumprimento das vagas destinadas \u00e0s pessoas pretas, pardas, ind\u00edgenas e quilombolas. Segundo o edital de prorroga\u00e7\u00e3o, o Minist\u00e9rio P\u00fablico apura se a convoca\u00e7\u00e3o dos aprovados observou corretamente as regras previstas no edital e na legisla\u00e7\u00e3o referente \u00e0s pol\u00edticas de a\u00e7\u00f5es afirmativas adotadas no certame. A prorroga\u00e7\u00e3o foi assinada pela promotora de Justi\u00e7a, Grace Inaura da Anuncia\u00e7\u00e3o Melo, e permitir\u00e1 a continuidade da coleta de informa\u00e7\u00f5es e da an\u00e1lise dos documentos relacionados ao concurso. At\u00e9 o momento, o Minist\u00e9rio P\u00fablico n\u00e3o apresentou conclus\u00e3o sobre a exist\u00eancia de irregularidades, mantendo a investiga\u00e7\u00e3o em fase preliminar enquanto re\u00fane elementos para decidir sobre os pr\u00f3ximos desdobramentos do caso. (Da Reda\u00e7\u00e3o)<\/div>\n","protected":false},"excerpt":{"rendered":"<p>A apura\u00e7\u00e3o sobre poss\u00edveis irregularidades no concurso p\u00fablico para agente comunit\u00e1rio de sa\u00fade da prefeitura de Concei\u00e7\u00e3o do Coit\u00e9 seguir\u00e1 por mais tempo. O Minist\u00e9rio P\u00fablico prorrogou por 90 dias a investiga\u00e7\u00e3o que a apura a convoca\u00e7\u00e3o de candidatos aprovados para as vagas reservadas a pessoas pretas, pardas, ind\u00edgenas e quilombolas, mantendo a gest\u00e3o do<\/p>\n","protected":false},"author":8,"featured_media":0,"comment_status":"closed","ping_status":"closed","sticky":false,"template":"","format":"standard","meta":{"fifu_image_url":"","fifu_image_alt":"","footnotes":""},"categories":[33],"tags":[],"class_list":["post-13270","post","type-post","status-publish","format-standard","hentry","category-noticias"],"_links":{"self":[{"href":"https:\/\/ilheusnews.com.br\/index.php?rest_route=\/wp\/v2\/posts\/13270","targetHints":{"allow":["GET"]}}],"collection":[{"href":"https:\/\/ilheusnews.com.br\/index.php?rest_route=\/wp\/v2\/posts"}],"about":[{"href":"https:\/\/ilheusnews.com.br\/index.php?rest_route=\/wp\/v2\/types\/post"}],"author":[{"embeddable":true,"href":"https:\/\/ilheusnews.com.br\/index.php?rest_route=\/wp\/v2\/users\/8"}],"replies":[{"embeddable":true,"href":"https:\/\/ilheusnews.com.br\/index.php?rest_route=%2Fwp%2Fv2%2Fcomments&post=13270"}],"version-history":[{"count":0,"href":"https:\/\/ilheusnews.com.br\/index.php?rest_route=\/wp\/v2\/posts\/13270\/revisions"}],"wp:attachment":[{"href":"https:\/\/ilheusnews.com.br\/index.php?rest_route=%2Fwp%2Fv2%2Fmedia&parent=13270"}],"wp:term":[{"taxonomy":"category","embeddable":true,"href":"https:\/\/ilheusnews.com.br\/index.php?rest_route=%2Fwp%2Fv2%2Fcategories&post=13270"},{"taxonomy":"post_tag","embeddable":true,"href":"https:\/\/ilheusnews.com.br\/index.php?rest_route=%2Fwp%2Fv2%2Ftags&post=13270"}],"curies":[{"name":"wp","href":"https:\/\/api.w.org\/{rel}","templated":true}]}}