{"id":13269,"date":"2026-08-01T18:02:17","date_gmt":"2026-08-01T21:02:17","guid":{"rendered":"https:\/\/ilheusnews.com.br\/?p=13269"},"modified":"2026-08-01T18:02:17","modified_gmt":"2026-08-01T21:02:17","slug":"sao-francisco-do-conde-calmon-tem-obra-de-r-24-milhoes-e-transporte-publico-sob-nova-fiscalizacao-do-mp","status":"publish","type":"post","link":"https:\/\/ilheusnews.com.br\/?p=13269","title":{"rendered":"S\u00e3o Francisco do Conde: Calmon tem obra de R$ 2,4 milh\u00f5es e transporte p\u00fablico sob nova fiscaliza\u00e7\u00e3o do MP"},"content":{"rendered":"<div>A gest\u00e3o do prefeito Calmon (PP \u2013 foto ilustra\u00e7\u00e3o) passou a ser alvo de dois novos procedimentos administrativos instaurados pelo Minist\u00e9rio P\u00fablico. As apura\u00e7\u00f5es envolvem a execu\u00e7\u00e3o da obra de reforma e amplia\u00e7\u00e3o do Centro de Conviv\u00eancia do Idoso, or\u00e7ada em R$ 2,496 milh\u00f5es, e a presta\u00e7\u00e3o dos servi\u00e7os de transporte municipal, escolar e universit\u00e1rio em S\u00e3o Francisco do Conde. Na primeira investiga\u00e7\u00e3o, o Minist\u00e9rio P\u00fablico vai acompanhar a execu\u00e7\u00e3o do contrato n\u00ba 249\/2023, firmado entre a Prefeitura e a MHR Engenharia Ltda.. A apura\u00e7\u00e3o teve origem em uma den\u00fancia encaminhada pela imprensa, que aponta supostas irregularidades na obra, incluindo ind\u00edcios de abandono do espa\u00e7o, apesar dos recursos j\u00e1 contratados. O procedimento tamb\u00e9m busca verificar a compatibilidade entre os servi\u00e7os contratados, medidos e pagos, al\u00e9m de apurar eventual superfaturamento, pagamento por servi\u00e7os n\u00e3o executados, falhas na fiscaliza\u00e7\u00e3o e poss\u00edvel dano aos cofres p\u00fablicos. O segundo procedimento trata da pol\u00edtica de transporte p\u00fablico, escolar e universit\u00e1rio do munic\u00edpio. A medida foi adotada ap\u00f3s a Justi\u00e7a conceder liminar, em a\u00e7\u00e3o civil p\u00fablica proposta pelo Minist\u00e9rio P\u00fablico, determinando que a Prefeitura mantenha os servi\u00e7os de forma regular e sem interrup\u00e7\u00f5es. Agora, o \u00f3rg\u00e3o acompanhar\u00e1 a execu\u00e7\u00e3o dos contratos, a opera\u00e7\u00e3o do sistema e os custos envolvidos para avaliar a presta\u00e7\u00e3o do servi\u00e7o e buscar uma solu\u00e7\u00e3o para as irregularidades apontadas. (Da Reda\u00e7\u00e3o)<\/div>\n","protected":false},"excerpt":{"rendered":"<p>A gest\u00e3o do prefeito Calmon (PP \u2013 foto ilustra\u00e7\u00e3o) passou a ser alvo de dois novos procedimentos administrativos instaurados pelo Minist\u00e9rio P\u00fablico. As apura\u00e7\u00f5es envolvem a execu\u00e7\u00e3o da obra de reforma e amplia\u00e7\u00e3o do Centro de Conviv\u00eancia do Idoso, or\u00e7ada em R$ 2,496 milh\u00f5es, e a presta\u00e7\u00e3o dos servi\u00e7os de transporte municipal, escolar e universit\u00e1rio<\/p>\n","protected":false},"author":8,"featured_media":0,"comment_status":"closed","ping_status":"closed","sticky":false,"template":"","format":"standard","meta":{"fifu_image_url":"","fifu_image_alt":"","footnotes":""},"categories":[33],"tags":[],"class_list":["post-13269","post","type-post","status-publish","format-standard","hentry","category-noticias"],"_links":{"self":[{"href":"https:\/\/ilheusnews.com.br\/index.php?rest_route=\/wp\/v2\/posts\/13269","targetHints":{"allow":["GET"]}}],"collection":[{"href":"https:\/\/ilheusnews.com.br\/index.php?rest_route=\/wp\/v2\/posts"}],"about":[{"href":"https:\/\/ilheusnews.com.br\/index.php?rest_route=\/wp\/v2\/types\/post"}],"author":[{"embeddable":true,"href":"https:\/\/ilheusnews.com.br\/index.php?rest_route=\/wp\/v2\/users\/8"}],"replies":[{"embeddable":true,"href":"https:\/\/ilheusnews.com.br\/index.php?rest_route=%2Fwp%2Fv2%2Fcomments&post=13269"}],"version-history":[{"count":0,"href":"https:\/\/ilheusnews.com.br\/index.php?rest_route=\/wp\/v2\/posts\/13269\/revisions"}],"wp:attachment":[{"href":"https:\/\/ilheusnews.com.br\/index.php?rest_route=%2Fwp%2Fv2%2Fmedia&parent=13269"}],"wp:term":[{"taxonomy":"category","embeddable":true,"href":"https:\/\/ilheusnews.com.br\/index.php?rest_route=%2Fwp%2Fv2%2Fcategories&post=13269"},{"taxonomy":"post_tag","embeddable":true,"href":"https:\/\/ilheusnews.com.br\/index.php?rest_route=%2Fwp%2Fv2%2Ftags&post=13269"}],"curies":[{"name":"wp","href":"https:\/\/api.w.org\/{rel}","templated":true}]}}