{"id":13268,"date":"2026-08-01T18:02:13","date_gmt":"2026-08-01T21:02:13","guid":{"rendered":"https:\/\/ilheusnews.com.br\/?p=13268"},"modified":"2026-08-01T18:02:13","modified_gmt":"2026-08-01T21:02:13","slug":"valenca-marcos-medrado-tem-tarifa-de-esgoto-investigada-apos-cobranca-de-40-sobre-conta-de-agua","status":"publish","type":"post","link":"https:\/\/ilheusnews.com.br\/?p=13268","title":{"rendered":"Valen\u00e7a: Marcos Medrado tem tarifa de esgoto investigada ap\u00f3s cobran\u00e7a de 40% sobre conta de \u00e1gua"},"content":{"rendered":"<div>A gest\u00e3o do prefeito Marcos Medrado (PV \u2013 foto ilustra\u00e7\u00e3o) passou a ser alvo de uma investiga\u00e7\u00e3o do Minist\u00e9rio P\u00fablico sobre a cria\u00e7\u00e3o da Tarifa de Servi\u00e7os de Esgotamento Sanit\u00e1rio (TSES) em Valen\u00e7a. O MP converteu uma representa\u00e7\u00e3o em procedimento preparat\u00f3rio de inqu\u00e9rito civil para apurar a legalidade do Decreto Municipal n\u00ba 6.168\/2026, que instituiu uma cobran\u00e7a correspondente a 40% do valor da tarifa de consumo de \u00e1gua no \u00e2mbito do Servi\u00e7o Aut\u00f4nomo de \u00c1gua e Esgoto (SAAE). A investiga\u00e7\u00e3o busca esclarecer se a tarifa foi criada sem a realiza\u00e7\u00e3o de consulta p\u00fablica ou audi\u00eancia p\u00fablica, exig\u00eancias previstas na Norma de Refer\u00eancia n\u00ba 13\/2025 da Ag\u00eancia Nacional de \u00c1guas e Saneamento B\u00e1sico (ANA). Al\u00e9m disso, o Minist\u00e9rio P\u00fablico pretende verificar se a cobran\u00e7a \u00e9 compat\u00edvel com a realidade do munic\u00edpio, diante da informa\u00e7\u00e3o de que o esgoto coletado em Valen\u00e7a ainda n\u00e3o recebe tratamento, o que pode comprometer a presta\u00e7\u00e3o adequada do servi\u00e7o. O procedimento \u00e9 conduzido pelo promotor de Justi\u00e7a, M\u00e1rcio Bellazzi de Oliveira, que determinou a continuidade das dilig\u00eancias para reunir documentos e demais elementos necess\u00e1rios \u00e0 apura\u00e7\u00e3o. Nesta fase, a investiga\u00e7\u00e3o n\u00e3o representa conclus\u00e3o pela exist\u00eancia de irregularidades, mas busca verificar se a institui\u00e7\u00e3o da tarifa observou as normas legais e regulat\u00f3rias aplic\u00e1veis ao servi\u00e7o de saneamento b\u00e1sico. (Da Reda\u00e7\u00e3o)<\/div>\n","protected":false},"excerpt":{"rendered":"<p>A gest\u00e3o do prefeito Marcos Medrado (PV \u2013 foto ilustra\u00e7\u00e3o) passou a ser alvo de uma investiga\u00e7\u00e3o do Minist\u00e9rio P\u00fablico sobre a cria\u00e7\u00e3o da Tarifa de Servi\u00e7os de Esgotamento Sanit\u00e1rio (TSES) em Valen\u00e7a. O MP converteu uma representa\u00e7\u00e3o em procedimento preparat\u00f3rio de inqu\u00e9rito civil para apurar a legalidade do Decreto Municipal n\u00ba 6.168\/2026, que instituiu<\/p>\n","protected":false},"author":8,"featured_media":0,"comment_status":"closed","ping_status":"closed","sticky":false,"template":"","format":"standard","meta":{"fifu_image_url":"","fifu_image_alt":"","footnotes":""},"categories":[33],"tags":[],"class_list":["post-13268","post","type-post","status-publish","format-standard","hentry","category-noticias"],"_links":{"self":[{"href":"https:\/\/ilheusnews.com.br\/index.php?rest_route=\/wp\/v2\/posts\/13268","targetHints":{"allow":["GET"]}}],"collection":[{"href":"https:\/\/ilheusnews.com.br\/index.php?rest_route=\/wp\/v2\/posts"}],"about":[{"href":"https:\/\/ilheusnews.com.br\/index.php?rest_route=\/wp\/v2\/types\/post"}],"author":[{"embeddable":true,"href":"https:\/\/ilheusnews.com.br\/index.php?rest_route=\/wp\/v2\/users\/8"}],"replies":[{"embeddable":true,"href":"https:\/\/ilheusnews.com.br\/index.php?rest_route=%2Fwp%2Fv2%2Fcomments&post=13268"}],"version-history":[{"count":0,"href":"https:\/\/ilheusnews.com.br\/index.php?rest_route=\/wp\/v2\/posts\/13268\/revisions"}],"wp:attachment":[{"href":"https:\/\/ilheusnews.com.br\/index.php?rest_route=%2Fwp%2Fv2%2Fmedia&parent=13268"}],"wp:term":[{"taxonomy":"category","embeddable":true,"href":"https:\/\/ilheusnews.com.br\/index.php?rest_route=%2Fwp%2Fv2%2Fcategories&post=13268"},{"taxonomy":"post_tag","embeddable":true,"href":"https:\/\/ilheusnews.com.br\/index.php?rest_route=%2Fwp%2Fv2%2Ftags&post=13268"}],"curies":[{"name":"wp","href":"https:\/\/api.w.org\/{rel}","templated":true}]}}