{"id":13267,"date":"2026-08-01T18:02:07","date_gmt":"2026-08-01T21:02:07","guid":{"rendered":"https:\/\/ilheusnews.com.br\/?p=13267"},"modified":"2026-08-01T18:02:07","modified_gmt":"2026-08-01T21:02:07","slug":"ipira-pintadas-e-baixa-grande-terao-plano-de-seguranca-publica-acompanhado-pelo-mp","status":"publish","type":"post","link":"https:\/\/ilheusnews.com.br\/?p=13267","title":{"rendered":"Ipir\u00e1, Pintadas e Baixa Grande ter\u00e3o plano de seguran\u00e7a p\u00fablica acompanhado pelo MP"},"content":{"rendered":"<div>As prefeituras de Ipir\u00e1, Pintadas e Baixa Grande passar\u00e3o a ser acompanhadas pelo Minist\u00e9rio P\u00fablico (MP) na elabora\u00e7\u00e3o e implementa\u00e7\u00e3o das pol\u00edticas municipais de seguran\u00e7a p\u00fablica. A medida foi adotada pela 4\u00aa Promotoria de Justi\u00e7a de Ipir\u00e1, que instaurou procedimentos administrativos para fiscalizar o cumprimento das exig\u00eancias previstas na legisla\u00e7\u00e3o federal que instituiu o Sistema \u00danico de Seguran\u00e7a P\u00fablica (Susp). As portarias, assinadas pela promotora de Justi\u00e7a, Joseane Mendes Nunes, t\u00eam como objetivo verificar se os munic\u00edpios elaboraram ou est\u00e3o elaborando o Plano Municipal de Seguran\u00e7a P\u00fablica e Defesa Social, em conformidade com o Plano Nacional de Seguran\u00e7a P\u00fablica e Defesa Social. O acompanhamento tamb\u00e9m abrange a cria\u00e7\u00e3o e o funcionamento do Conselho Municipal de Seguran\u00e7a P\u00fablica, do Fundo Municipal de Seguran\u00e7a P\u00fablica, da ouvidoria da \u00e1rea e da integra\u00e7\u00e3o ao Sistema Nacional de Informa\u00e7\u00f5es de Seguran\u00e7a P\u00fablica (Sinesp). A iniciativa faz parte da atua\u00e7\u00e3o do Minist\u00e9rio P\u00fablico no controle externo da seguran\u00e7a p\u00fablica. Nesta etapa, os procedimentos t\u00eam car\u00e1ter de acompanhamento e fiscaliza\u00e7\u00e3o, sem indica\u00e7\u00e3o de irregularidades ou responsabiliza\u00e7\u00e3o dos munic\u00edpios. A Lei Federal n\u00ba 13.675\/2018, que criou o Susp, prev\u00ea a integra\u00e7\u00e3o entre Uni\u00e3o, estados e munic\u00edpios para fortalecer o planejamento, a gest\u00e3o e a execu\u00e7\u00e3o das pol\u00edticas p\u00fablicas voltadas \u00e0 seguran\u00e7a da popula\u00e7\u00e3o. (Da Reda\u00e7\u00e3o)<\/div>\n","protected":false},"excerpt":{"rendered":"<p>As prefeituras de Ipir\u00e1, Pintadas e Baixa Grande passar\u00e3o a ser acompanhadas pelo Minist\u00e9rio P\u00fablico (MP) na elabora\u00e7\u00e3o e implementa\u00e7\u00e3o das pol\u00edticas municipais de seguran\u00e7a p\u00fablica. A medida foi adotada pela 4\u00aa Promotoria de Justi\u00e7a de Ipir\u00e1, que instaurou procedimentos administrativos para fiscalizar o cumprimento das exig\u00eancias previstas na legisla\u00e7\u00e3o federal que instituiu o Sistema<\/p>\n","protected":false},"author":8,"featured_media":0,"comment_status":"closed","ping_status":"closed","sticky":false,"template":"","format":"standard","meta":{"fifu_image_url":"","fifu_image_alt":"","footnotes":""},"categories":[33],"tags":[],"class_list":["post-13267","post","type-post","status-publish","format-standard","hentry","category-noticias"],"_links":{"self":[{"href":"https:\/\/ilheusnews.com.br\/index.php?rest_route=\/wp\/v2\/posts\/13267","targetHints":{"allow":["GET"]}}],"collection":[{"href":"https:\/\/ilheusnews.com.br\/index.php?rest_route=\/wp\/v2\/posts"}],"about":[{"href":"https:\/\/ilheusnews.com.br\/index.php?rest_route=\/wp\/v2\/types\/post"}],"author":[{"embeddable":true,"href":"https:\/\/ilheusnews.com.br\/index.php?rest_route=\/wp\/v2\/users\/8"}],"replies":[{"embeddable":true,"href":"https:\/\/ilheusnews.com.br\/index.php?rest_route=%2Fwp%2Fv2%2Fcomments&post=13267"}],"version-history":[{"count":0,"href":"https:\/\/ilheusnews.com.br\/index.php?rest_route=\/wp\/v2\/posts\/13267\/revisions"}],"wp:attachment":[{"href":"https:\/\/ilheusnews.com.br\/index.php?rest_route=%2Fwp%2Fv2%2Fmedia&parent=13267"}],"wp:term":[{"taxonomy":"category","embeddable":true,"href":"https:\/\/ilheusnews.com.br\/index.php?rest_route=%2Fwp%2Fv2%2Fcategories&post=13267"},{"taxonomy":"post_tag","embeddable":true,"href":"https:\/\/ilheusnews.com.br\/index.php?rest_route=%2Fwp%2Fv2%2Ftags&post=13267"}],"curies":[{"name":"wp","href":"https:\/\/api.w.org\/{rel}","templated":true}]}}