{"id":13262,"date":"2026-08-01T12:01:46","date_gmt":"2026-08-01T15:01:46","guid":{"rendered":"https:\/\/ilheusnews.com.br\/?p=13262"},"modified":"2026-08-01T12:01:46","modified_gmt":"2026-08-01T15:01:46","slug":"advogado-carlos-eduardo-recebera-a-comenda-maria-quiteria","status":"publish","type":"post","link":"https:\/\/ilheusnews.com.br\/?p=13262","title":{"rendered":"Advogado Carlos Eduardo receber\u00e1 a Comenda Maria Quit\u00e9ria"},"content":{"rendered":"<div>Advogado por forma\u00e7\u00e3o, professor, nascido em Feira de Santana, Carlos Eduardo Guimaraes Ara\u00fajo (foto ilustra\u00e7\u00e3o) receber\u00e1 dia 20 de agosto, a partir das 19h, a Comenda Maria Quit\u00e9ria na C\u00e2mara Municipal de Feira de Santana. \u00c9 autor da honraria o vereador Jorge Oliveira (PRD).<\/div>\n","protected":false},"excerpt":{"rendered":"<p>Advogado por forma\u00e7\u00e3o, professor, nascido em Feira de Santana, Carlos Eduardo Guimaraes Ara\u00fajo (foto ilustra\u00e7\u00e3o) receber\u00e1 dia 20 de agosto, a partir das 19h, a Comenda Maria Quit\u00e9ria na C\u00e2mara Municipal de Feira de Santana. \u00c9 autor da honraria o vereador Jorge Oliveira (PRD).<\/p>\n","protected":false},"author":8,"featured_media":0,"comment_status":"closed","ping_status":"closed","sticky":false,"template":"","format":"standard","meta":{"fifu_image_url":"","fifu_image_alt":"","footnotes":""},"categories":[33],"tags":[],"class_list":["post-13262","post","type-post","status-publish","format-standard","hentry","category-noticias"],"_links":{"self":[{"href":"https:\/\/ilheusnews.com.br\/index.php?rest_route=\/wp\/v2\/posts\/13262","targetHints":{"allow":["GET"]}}],"collection":[{"href":"https:\/\/ilheusnews.com.br\/index.php?rest_route=\/wp\/v2\/posts"}],"about":[{"href":"https:\/\/ilheusnews.com.br\/index.php?rest_route=\/wp\/v2\/types\/post"}],"author":[{"embeddable":true,"href":"https:\/\/ilheusnews.com.br\/index.php?rest_route=\/wp\/v2\/users\/8"}],"replies":[{"embeddable":true,"href":"https:\/\/ilheusnews.com.br\/index.php?rest_route=%2Fwp%2Fv2%2Fcomments&post=13262"}],"version-history":[{"count":0,"href":"https:\/\/ilheusnews.com.br\/index.php?rest_route=\/wp\/v2\/posts\/13262\/revisions"}],"wp:attachment":[{"href":"https:\/\/ilheusnews.com.br\/index.php?rest_route=%2Fwp%2Fv2%2Fmedia&parent=13262"}],"wp:term":[{"taxonomy":"category","embeddable":true,"href":"https:\/\/ilheusnews.com.br\/index.php?rest_route=%2Fwp%2Fv2%2Fcategories&post=13262"},{"taxonomy":"post_tag","embeddable":true,"href":"https:\/\/ilheusnews.com.br\/index.php?rest_route=%2Fwp%2Fv2%2Ftags&post=13262"}],"curies":[{"name":"wp","href":"https:\/\/api.w.org\/{rel}","templated":true}]}}