{"id":13259,"date":"2026-08-01T12:01:25","date_gmt":"2026-08-01T15:01:25","guid":{"rendered":"https:\/\/ilheusnews.com.br\/?p=13259"},"modified":"2026-08-01T12:01:25","modified_gmt":"2026-08-01T15:01:25","slug":"aldo-rebelo-vai-coordenar-a-parte-politica-da-campanha-de-ronaldo-caiado","status":"publish","type":"post","link":"https:\/\/ilheusnews.com.br\/?p=13259","title":{"rendered":"Aldo Rebelo vai coordenar a parte pol\u00edtica da campanha de Ronaldo Caiado"},"content":{"rendered":"<div>Experiente pol\u00edtico brasileiro, o ex-ministro Aldo Rebelo (foto ilustra\u00e7\u00e3o) vai coordenar a parte pol\u00edtica da campanha de Ronaldo Caiado (PSD) a presidente da Rep\u00fablica. Ex-militante do PC do B, ministro em quatro oportunidades nos governos Lula e Dilma Rousseff, Aldo rebelo tamb\u00e9m foi presidente da C\u00e2mara Federal. At\u00e9 pouco tempo foi candidato a presidente da Rep\u00fablica pelo DC, mas foi rifado pela dire\u00e7\u00e3o do partido.<\/div>\n","protected":false},"excerpt":{"rendered":"<p>Experiente pol\u00edtico brasileiro, o ex-ministro Aldo Rebelo (foto ilustra\u00e7\u00e3o) vai coordenar a parte pol\u00edtica da campanha de Ronaldo Caiado (PSD) a presidente da Rep\u00fablica. Ex-militante do PC do B, ministro em quatro oportunidades nos governos Lula e Dilma Rousseff, Aldo rebelo tamb\u00e9m foi presidente da C\u00e2mara Federal. At\u00e9 pouco tempo foi candidato a presidente da<\/p>\n","protected":false},"author":8,"featured_media":0,"comment_status":"closed","ping_status":"closed","sticky":false,"template":"","format":"standard","meta":{"fifu_image_url":"","fifu_image_alt":"","footnotes":""},"categories":[33],"tags":[],"class_list":["post-13259","post","type-post","status-publish","format-standard","hentry","category-noticias"],"_links":{"self":[{"href":"https:\/\/ilheusnews.com.br\/index.php?rest_route=\/wp\/v2\/posts\/13259","targetHints":{"allow":["GET"]}}],"collection":[{"href":"https:\/\/ilheusnews.com.br\/index.php?rest_route=\/wp\/v2\/posts"}],"about":[{"href":"https:\/\/ilheusnews.com.br\/index.php?rest_route=\/wp\/v2\/types\/post"}],"author":[{"embeddable":true,"href":"https:\/\/ilheusnews.com.br\/index.php?rest_route=\/wp\/v2\/users\/8"}],"replies":[{"embeddable":true,"href":"https:\/\/ilheusnews.com.br\/index.php?rest_route=%2Fwp%2Fv2%2Fcomments&post=13259"}],"version-history":[{"count":0,"href":"https:\/\/ilheusnews.com.br\/index.php?rest_route=\/wp\/v2\/posts\/13259\/revisions"}],"wp:attachment":[{"href":"https:\/\/ilheusnews.com.br\/index.php?rest_route=%2Fwp%2Fv2%2Fmedia&parent=13259"}],"wp:term":[{"taxonomy":"category","embeddable":true,"href":"https:\/\/ilheusnews.com.br\/index.php?rest_route=%2Fwp%2Fv2%2Fcategories&post=13259"},{"taxonomy":"post_tag","embeddable":true,"href":"https:\/\/ilheusnews.com.br\/index.php?rest_route=%2Fwp%2Fv2%2Ftags&post=13259"}],"curies":[{"name":"wp","href":"https:\/\/api.w.org\/{rel}","templated":true}]}}