{"id":13256,"date":"2026-08-01T06:03:40","date_gmt":"2026-08-01T09:03:40","guid":{"rendered":"https:\/\/ilheusnews.com.br\/?p=13256"},"modified":"2026-08-01T06:03:40","modified_gmt":"2026-08-01T09:03:40","slug":"receita-federal-gera-o-primeiro-cnpj-em-formato-alfanumerico","status":"publish","type":"post","link":"https:\/\/ilheusnews.com.br\/?p=13256","title":{"rendered":"Receita Federal gera o primeiro CNPJ em formato alfanum\u00e9rico"},"content":{"rendered":"<div>Receita Federal informa que, hoje, 31 de julho de 2026, foi gerado o primeiro CNPJ alfanum\u00e9rico do pa\u00eds, conforme o cronograma de implanta\u00e7\u00e3o do novo modelo de identifica\u00e7\u00e3o cadastral. (Foto ilustra\u00e7\u00e3o) A primeira inscri\u00e7\u00e3o emitida nesse formato corresponde a uma filial do Banco do Brasil S.A., registrada sob o n\u00famero\u00a000.000.000\/E08G-12. A iniciativa assegura a continuidade e a sustentabilidade do CNPJ no longo prazo, ampliando significativamente a capacidade de gera\u00e7\u00e3o de novas inscri\u00e7\u00f5es e preparando o cadastro para atender \u00e0s demandas decorrentes da expans\u00e3o da atividade econ\u00f4mica e das mudan\u00e7as promovidas pela Reforma Tribut\u00e1ria do Consumo. A Receita Federal realizar\u00e1 o acompanhamento e monitoramento cont\u00ednuo da implanta\u00e7\u00e3o, com especial aten\u00e7\u00e3o ao desempenho dos sistemas e \u00e0 adequada integra\u00e7\u00e3o com os ambientes internos e externos que utilizam o CNPJ como identificador. O que muda para os contribuintes A ado\u00e7\u00e3o do CNPJ alfanum\u00e9rico n\u00e3o altera os direitos, obriga\u00e7\u00f5es ou a situa\u00e7\u00e3o cadastral das pessoas jur\u00eddicas j\u00e1 existentes. Os CNPJs emitidos anteriormente permanecem v\u00e1lidos e n\u00e3o precisam ser substitu\u00eddos. A principal mudan\u00e7a ocorre para novas inscri\u00e7\u00f5es, que poder\u00e3o receber n\u00fameros contendo letras e n\u00fameros em sua composi\u00e7\u00e3o, ampliando a capacidade do cadastro nacional de pessoas jur\u00eddicas e garantindo sua disponibilidade para as pr\u00f3ximas d\u00e9cadas. Novos CNPJs emitidos a partir de hoje ainda poder\u00e3o ser emitidos apenas com caracteres num\u00e9ricos, uma vez que o limite de possibilidades do sistema para estes caracteres ainda n\u00e3o foi esgotado. (Ascom\/Receita Federal)<\/div>\n","protected":false},"excerpt":{"rendered":"<p>Receita Federal informa que, hoje, 31 de julho de 2026, foi gerado o primeiro CNPJ alfanum\u00e9rico do pa\u00eds, conforme o cronograma de implanta\u00e7\u00e3o do novo modelo de identifica\u00e7\u00e3o cadastral. (Foto ilustra\u00e7\u00e3o) A primeira inscri\u00e7\u00e3o emitida nesse formato corresponde a uma filial do Banco do Brasil S.A., registrada sob o n\u00famero\u00a000.000.000\/E08G-12. A iniciativa assegura a continuidade<\/p>\n","protected":false},"author":8,"featured_media":0,"comment_status":"closed","ping_status":"closed","sticky":false,"template":"","format":"standard","meta":{"fifu_image_url":"","fifu_image_alt":"","footnotes":""},"categories":[33],"tags":[],"class_list":["post-13256","post","type-post","status-publish","format-standard","hentry","category-noticias"],"_links":{"self":[{"href":"https:\/\/ilheusnews.com.br\/index.php?rest_route=\/wp\/v2\/posts\/13256","targetHints":{"allow":["GET"]}}],"collection":[{"href":"https:\/\/ilheusnews.com.br\/index.php?rest_route=\/wp\/v2\/posts"}],"about":[{"href":"https:\/\/ilheusnews.com.br\/index.php?rest_route=\/wp\/v2\/types\/post"}],"author":[{"embeddable":true,"href":"https:\/\/ilheusnews.com.br\/index.php?rest_route=\/wp\/v2\/users\/8"}],"replies":[{"embeddable":true,"href":"https:\/\/ilheusnews.com.br\/index.php?rest_route=%2Fwp%2Fv2%2Fcomments&post=13256"}],"version-history":[{"count":0,"href":"https:\/\/ilheusnews.com.br\/index.php?rest_route=\/wp\/v2\/posts\/13256\/revisions"}],"wp:attachment":[{"href":"https:\/\/ilheusnews.com.br\/index.php?rest_route=%2Fwp%2Fv2%2Fmedia&parent=13256"}],"wp:term":[{"taxonomy":"category","embeddable":true,"href":"https:\/\/ilheusnews.com.br\/index.php?rest_route=%2Fwp%2Fv2%2Fcategories&post=13256"},{"taxonomy":"post_tag","embeddable":true,"href":"https:\/\/ilheusnews.com.br\/index.php?rest_route=%2Fwp%2Fv2%2Ftags&post=13256"}],"curies":[{"name":"wp","href":"https:\/\/api.w.org\/{rel}","templated":true}]}}