{"id":13255,"date":"2026-08-01T06:03:37","date_gmt":"2026-08-01T09:03:37","guid":{"rendered":"https:\/\/ilheusnews.com.br\/?p=13255"},"modified":"2026-08-01T06:03:37","modified_gmt":"2026-08-01T09:03:37","slug":"upb-promove-primeira-outorga-da-comenda-governador-joao-durval-carneiro","status":"publish","type":"post","link":"https:\/\/ilheusnews.com.br\/?p=13255","title":{"rendered":"UPB promove primeira outorga da Comenda Governador Jo\u00e3o Durval Carneiro"},"content":{"rendered":"<div>\u00a0A Comenda Governador Jo\u00e3o Durval Carneiro, criada pela Uni\u00e3o dos Munic\u00edpios da Bahia (UPB) para reconhecer personalidades que se destacam pela contribui\u00e7\u00e3o ao municipalismo, \u00e0 gest\u00e3o p\u00fablica e ao desenvolvimento da Bahia, ter\u00e1 sua primeira outorga realizada no dia 13 de agosto, \u00e0s 16h, na sede da entidade, em Salvador. A solenidade integra as comemora\u00e7\u00f5es pelos 62 anos da UPB e marcar\u00e1 tamb\u00e9m a inaugura\u00e7\u00e3o do novo Espa\u00e7o Municipalista e a entrega da reforma e amplia\u00e7\u00e3o do Audit\u00f3rio Prefeito Antonio Lomanto Junior. (Foto ilustra\u00e7\u00e3o) Institu\u00edda em homenagem a Jo\u00e3o Durval Carneiro, a comenda representa uma forma de preservar e celebrar o legado de um dos maiores nomes da pol\u00edtica baiana. Ex-prefeito de Feira de Santana, governador e senador da Rep\u00fablica, Jo\u00e3o Durval construiu uma trajet\u00f3ria marcada pela defesa do desenvolvimento da Bahia, pelo di\u00e1logo institucional e pelo compromisso com o fortalecimento dos munic\u00edpios. A honraria foi criada para reconhecer pessoas que, em suas diferentes \u00e1reas de atua\u00e7\u00e3o, tenham contribu\u00eddo de maneira relevante para o desenvolvimento econ\u00f4mico, social e o fortalecimento dos munic\u00edpios baianos. Ser\u00e3o concedidas anualmente tr\u00eas comendas. Em car\u00e1ter excepcional, pela ocasi\u00e3o do anivers\u00e1rio da UPB, a Diretoria da entidade deliberou a outorga para 11 personalidades homenageadas. A primeira edi\u00e7\u00e3o re\u00fane representantes dos Poderes, \u00f3rg\u00e3os de controle, setor produtivo, institui\u00e7\u00f5es de apoio aos pequenos neg\u00f3cios, comunica\u00e7\u00e3o e movimento municipalista, refletindo a diversidade de setores que participam da constru\u00e7\u00e3o de uma Bahia mais desenvolvida. Nesta primeira outorga, ser\u00e3o agraciados o senador Otto Alencar; o presidente do Tribunal de Justi\u00e7a da Bahia (TJ-BA), desembargador Jos\u00e9 Rotondano; o procurador-geral de Justi\u00e7a, Pedro Maia; o presidente do Tribunal de Contas do Estado da Bahia (TCE-BA), conselheiro Gild\u00e1sio Penedo; o presidente do Tribunal de Contas dos Munic\u00edpios da Bahia (TCM-BA), conselheiro Francisco Netto; o delegado-adjunto da Receita Federal em Salvador, Samuel Almeida; o Secret\u00e1rio de Rela\u00e7\u00f5es Institucionais do Estado da Bahia, Adolpho Loyola; o presidente da Confedera\u00e7\u00e3o Nacional de Munic\u00edpios (CNM), Paulo Ziulkoski; o presidente da Federa\u00e7\u00e3o das Ind\u00fastrias do Estado da Bahia (FIEB), Carlos Henrique Passos; o superintendente do Sebrae Bahia, Jorge Khoury; e o diretor regional Norte\/Nordeste do Grupo Bandeirantes, Augusto Lima. Como parte da prepara\u00e7\u00e3o para a solenidade, o presidente da UPB, Wilson Cardoso, acompanhado do Diretor de Munic\u00edpios de Pequeno Porte e prefeito de Ipecaet\u00e1, J\u00fanior Piaggio, fez quest\u00e3o de entregar pessoalmente os convites aos homenageados. O gesto refor\u00e7a o car\u00e1ter especial da primeira edi\u00e7\u00e3o da comenda e a import\u00e2ncia do reconhecimento a essas personalidades com servi\u00e7os prestados \u00e0 gest\u00e3o p\u00fablica e ao municipalismo. (Fonte: UPB)<\/div>\n","protected":false},"excerpt":{"rendered":"<p>\u00a0A Comenda Governador Jo\u00e3o Durval Carneiro, criada pela Uni\u00e3o dos Munic\u00edpios da Bahia (UPB) para reconhecer personalidades que se destacam pela contribui\u00e7\u00e3o ao municipalismo, \u00e0 gest\u00e3o p\u00fablica e ao desenvolvimento da Bahia, ter\u00e1 sua primeira outorga realizada no dia 13 de agosto, \u00e0s 16h, na sede da entidade, em Salvador. A solenidade integra as comemora\u00e7\u00f5es<\/p>\n","protected":false},"author":8,"featured_media":0,"comment_status":"closed","ping_status":"closed","sticky":false,"template":"","format":"standard","meta":{"fifu_image_url":"","fifu_image_alt":"","footnotes":""},"categories":[33],"tags":[],"class_list":["post-13255","post","type-post","status-publish","format-standard","hentry","category-noticias"],"_links":{"self":[{"href":"https:\/\/ilheusnews.com.br\/index.php?rest_route=\/wp\/v2\/posts\/13255","targetHints":{"allow":["GET"]}}],"collection":[{"href":"https:\/\/ilheusnews.com.br\/index.php?rest_route=\/wp\/v2\/posts"}],"about":[{"href":"https:\/\/ilheusnews.com.br\/index.php?rest_route=\/wp\/v2\/types\/post"}],"author":[{"embeddable":true,"href":"https:\/\/ilheusnews.com.br\/index.php?rest_route=\/wp\/v2\/users\/8"}],"replies":[{"embeddable":true,"href":"https:\/\/ilheusnews.com.br\/index.php?rest_route=%2Fwp%2Fv2%2Fcomments&post=13255"}],"version-history":[{"count":0,"href":"https:\/\/ilheusnews.com.br\/index.php?rest_route=\/wp\/v2\/posts\/13255\/revisions"}],"wp:attachment":[{"href":"https:\/\/ilheusnews.com.br\/index.php?rest_route=%2Fwp%2Fv2%2Fmedia&parent=13255"}],"wp:term":[{"taxonomy":"category","embeddable":true,"href":"https:\/\/ilheusnews.com.br\/index.php?rest_route=%2Fwp%2Fv2%2Fcategories&post=13255"},{"taxonomy":"post_tag","embeddable":true,"href":"https:\/\/ilheusnews.com.br\/index.php?rest_route=%2Fwp%2Fv2%2Ftags&post=13255"}],"curies":[{"name":"wp","href":"https:\/\/api.w.org\/{rel}","templated":true}]}}