{"id":13245,"date":"2026-08-01T00:02:23","date_gmt":"2026-08-01T03:02:23","guid":{"rendered":"https:\/\/ilheusnews.com.br\/?p=13245"},"modified":"2026-08-01T00:02:23","modified_gmt":"2026-08-01T03:02:23","slug":"samsung-alerta-que-ia-pode-deixar-celulares-e-pcs-mais-caros-ate-2028","status":"publish","type":"post","link":"https:\/\/ilheusnews.com.br\/?p=13245","title":{"rendered":"Samsung alerta que IA pode deixar celulares e PCs mais caros at\u00e9 2028"},"content":{"rendered":"<div>\n<p>A <a href=\"https:\/\/olhardigital.com.br\/tag\/samsung\/\" target=\"_blank\" rel=\"noreferrer noopener\">Samsung<\/a> afirmou que a escassez global de chips de <a href=\"https:\/\/olhardigital.com.br\/tag\/memoria-ram\/\" target=\"_blank\" rel=\"noreferrer noopener\">mem\u00f3ria RAM<\/a> deve se intensificar em 2027 e continuar pelo menos at\u00e9 2028, impulsionada pela forte demanda da ind\u00fastria de intelig\u00eancia artificial (IA).<\/p>\n<p>A previs\u00e3o foi apresentada durante a teleconfer\u00eancia de <a href=\"https:\/\/olhardigital.com.br\/2026\/07\/29\/pro\/samsung-supera-estimativas-de-lucro-com-demanda-por-chips-de-ia-a-toda\/\" target=\"_blank\" rel=\"noreferrer noopener\">resultados financeiros do segundo trimestre de 2026<\/a>. A fabricante sul-coreana, respons\u00e1vel por cerca de um ter\u00e7o da produ\u00e7\u00e3o mundial de chips de mem\u00f3ria, informou que laborat\u00f3rios que desenvolvem modelos avan\u00e7ados de <a href=\"https:\/\/olhardigital.com.br\/tag\/inteligencia-artificial\/\" target=\"_blank\" rel=\"noreferrer noopener\">IA<\/a> passaram a compartilhar previs\u00f5es de demanda de m\u00e9dio e longo prazo para garantir o fornecimento dos componentes.<\/p>\n<p>Segundo a empresa, esse cen\u00e1rio tem levado clientes a firmarem contratos de longo prazo para assegurar o acesso aos chips, permitindo que a Samsung amplie sua capacidade de produ\u00e7\u00e3o com maior previsibilidade e reduza a volatilidade que historicamente caracteriza o mercado de mem\u00f3rias.<\/p>\n<p><strong>Leia mais:<\/strong><\/p>\n<ul>\n<li><a href=\"https:\/\/olhardigital.com.br\/2025\/08\/04\/dicas-e-tutoriais\/por-que-a-memoria-ram-e-tao-importante\/\" target=\"_blank\" rel=\"noreferrer noopener\">Por que a mem\u00f3ria RAM \u00e9 t\u00e3o importante?<\/a><\/li>\n<li><a href=\"https:\/\/olhardigital.com.br\/2023\/07\/13\/dicas-e-tutoriais\/qual-memoria-ram-comprar-para-seu-pc\/\" target=\"_blank\" rel=\"noreferrer noopener\">Qual mem\u00f3ria RAM comprar? Como escolher o modelo ideal para seu PC<\/a><\/li>\n<li><a href=\"https:\/\/olhardigital.com.br\/2026\/07\/24\/pro\/china-ganha-forca-nos-chips-e-ja-dita-precos-para-gigantes\/\" target=\"_blank\" rel=\"noreferrer noopener\">China ganha for\u00e7a nos chips e j\u00e1 dita pre\u00e7os para gigantes<\/a><\/li>\n<\/ul>\n<h2 class=\"wp-block-heading\" id=\"h-ia-impulsiona-precos\">IA impulsiona pre\u00e7os<\/h2>\n<ul>\n<li>A alta demanda por mem\u00f3ria para infraestrutura de IA tamb\u00e9m elevou os pre\u00e7os dos chips nos \u00faltimos meses;<\/li>\n<li>Para a Samsung, o cen\u00e1rio teve efeitos distintos;<\/li>\n<li>A divis\u00e3o de semicondutores registrou vendas recordes no segundo trimestre, enquanto as \u00e1reas de smartphones e televisores tiveram redu\u00e7\u00e3o na rentabilidade devido ao aumento do custo dos componentes;<\/li>\n<li>A empresa informou ainda que parte desses custos j\u00e1 come\u00e7ou a ser repassada aos consumidores por meio de reajustes nos pre\u00e7os de smartphones e tablets da linha Galaxy;<\/li>\n<li>Como consequ\u00eancia, a demanda por esses dispositivos diminuiu.<\/li>\n<\/ul>\n<div class=\"wp-block-image\">\n<figure class=\"aligncenter size-large\"><figcaption class=\"wp-element-caption\">Alta demanda por mem\u00f3ria para infraestrutura de IA tamb\u00e9m elevou os pre\u00e7os dos chips nos \u00faltimos meses \u2013 Imagem: Kinek00\/Shutterstock.com<\/figcaption><\/figure>\n<\/div>\n<h2 class=\"wp-block-heading\" id=\"h-consumidores-podem-sentir-impacto\">Consumidores podem sentir impacto<\/h2>\n<p>A escassez de mem\u00f3ria, apelidada informalmente de <strong>\u201cRAMageddon\u201d<\/strong>, tamb\u00e9m tem afetado outras fabricantes.<\/p>\n<p>Como exemplo, a Apple elevou recentemente os pre\u00e7os de MacBooks, Macs e iPads devido ao aumento do custo das mem\u00f3rias.<\/p>\n<p>Durante a <a href=\"https:\/\/olhardigital.com.br\/2026\/07\/30\/pro\/apple-supera-expectativas-com-salto-de-22-nas-vendas-do-iphone\/\" target=\"_blank\" rel=\"noreferrer noopener\">divulga\u00e7\u00e3o de seus resultados financeiros<\/a>, a empresa tamb\u00e9m afirmou esperar uma desacelera\u00e7\u00e3o no crescimento da receita no pr\u00f3ximo trimestre, projetando avan\u00e7o entre 9% e 11%, abaixo dos 16% registrados anteriormente.<\/p>\n<p>O movimento ocorre porque fabricantes de mem\u00f3ria t\u00eam direcionado parte da capacidade de produ\u00e7\u00e3o para atender \u00e0 constru\u00e7\u00e3o de data centers voltados \u00e0 IA, reduzindo a oferta destinada a eletr\u00f4nicos de consumo.<\/p>\n<p>Al\u00e9m disso, a Nvidia deve elevar entre 20% e 30% os pre\u00e7os de suas placas de v\u00eddeo para consumidores, o que poder\u00e1 encarecer computadores, notebooks, consoles, dispositivos para jogos e outros equipamentos que dependem desses componentes.<\/p>\n<p>O post <a href=\"https:\/\/olhardigital.com.br\/2026\/07\/31\/pro\/samsung-alerta-que-ia-pode-deixar-celulares-e-pcs-mais-caros-ate-2028\/\">Samsung alerta que IA pode deixar celulares e PCs mais caros at\u00e9 2028<\/a> apareceu primeiro em <a href=\"https:\/\/olhardigital.com.br\/\">Olhar Digital<\/a>.<\/p>\n<\/div>\n","protected":false},"excerpt":{"rendered":"<p>A Samsung afirmou que a escassez global de chips de mem\u00f3ria RAM deve se intensificar em 2027 e continuar pelo menos at\u00e9 2028, impulsionada pela forte demanda da ind\u00fastria de intelig\u00eancia artificial (IA). A previs\u00e3o foi apresentada durante a teleconfer\u00eancia de resultados financeiros do segundo trimestre de 2026. A fabricante sul-coreana, respons\u00e1vel por cerca de<\/p>\n","protected":false},"author":6,"featured_media":13246,"comment_status":"closed","ping_status":"closed","sticky":false,"template":"","format":"standard","meta":{"fifu_image_url":"https:\/\/olhardigital.com.br\/wp-content\/uploads\/2026\/01\/chips-memoria-1024x684.jpg","fifu_image_alt":"Samsung alerta que IA pode deixar celulares e PCs mais caros at\u00e9 2028","footnotes":""},"categories":[33],"tags":[],"class_list":["post-13245","post","type-post","status-publish","format-standard","has-post-thumbnail","hentry","category-noticias"],"_links":{"self":[{"href":"https:\/\/ilheusnews.com.br\/index.php?rest_route=\/wp\/v2\/posts\/13245","targetHints":{"allow":["GET"]}}],"collection":[{"href":"https:\/\/ilheusnews.com.br\/index.php?rest_route=\/wp\/v2\/posts"}],"about":[{"href":"https:\/\/ilheusnews.com.br\/index.php?rest_route=\/wp\/v2\/types\/post"}],"author":[{"embeddable":true,"href":"https:\/\/ilheusnews.com.br\/index.php?rest_route=\/wp\/v2\/users\/6"}],"replies":[{"embeddable":true,"href":"https:\/\/ilheusnews.com.br\/index.php?rest_route=%2Fwp%2Fv2%2Fcomments&post=13245"}],"version-history":[{"count":0,"href":"https:\/\/ilheusnews.com.br\/index.php?rest_route=\/wp\/v2\/posts\/13245\/revisions"}],"wp:featuredmedia":[{"embeddable":true,"href":"https:\/\/ilheusnews.com.br\/index.php?rest_route=\/wp\/v2\/media\/13246"}],"wp:attachment":[{"href":"https:\/\/ilheusnews.com.br\/index.php?rest_route=%2Fwp%2Fv2%2Fmedia&parent=13245"}],"wp:term":[{"taxonomy":"category","embeddable":true,"href":"https:\/\/ilheusnews.com.br\/index.php?rest_route=%2Fwp%2Fv2%2Fcategories&post=13245"},{"taxonomy":"post_tag","embeddable":true,"href":"https:\/\/ilheusnews.com.br\/index.php?rest_route=%2Fwp%2Fv2%2Ftags&post=13245"}],"curies":[{"name":"wp","href":"https:\/\/api.w.org\/{rel}","templated":true}]}}