{"id":13222,"date":"2026-07-31T18:03:24","date_gmt":"2026-07-31T21:03:24","guid":{"rendered":"https:\/\/ilheusnews.com.br\/?p=13222"},"modified":"2026-07-31T18:03:24","modified_gmt":"2026-07-31T21:03:24","slug":"crise-do-petroleo-acelera-corrida-global-pelos-veiculos-eletricos","status":"publish","type":"post","link":"https:\/\/ilheusnews.com.br\/?p=13222","title":{"rendered":"Crise do petr\u00f3leo acelera corrida global pelos ve\u00edculos el\u00e9tricos"},"content":{"rendered":"<div>\n<p>A alta dos pre\u00e7os do petr\u00f3leo provocada pela crise energ\u00e9tica no Oriente M\u00e9dio levou pa\u00edses de diferentes regi\u00f5es <a href=\"https:\/\/insideevs.com\/news\/803381\/ev-sales-records-50-countries-high-gas-prices\/\" target=\"_blank\" rel=\"noreferrer noopener\">a ampliarem incentivos para ve\u00edculos el\u00e9tricos e h\u00edbridos plug-in no segundo trimestre de 2026.<\/a> O movimento ajudou as vendas globais do segmento a atingirem n\u00edveis recordes em 50 mercados.<\/p>\n<p><a href=\"https:\/\/www.iea.org\/news\/quarterly-sales-of-electric-cars-break-records-in-several-key-markets-amid-energy-crisis\" target=\"_blank\" rel=\"noreferrer noopener\">De acordo com a Ag\u00eancia Internacional de Energia (IEA)<\/a>, mais de 9 milh\u00f5es de ve\u00edculos el\u00e9tricos e h\u00edbridos plug-in foram comercializados no primeiro semestre do ano, com mais de 5 milh\u00f5es dessas unidades registradas apenas entre abril e junho.<\/p>\n<p>O avan\u00e7o ocorreu enquanto o mercado automotivo enfrentava retra\u00e7\u00e3o global. Apesar da queda nas vendas gerais de ve\u00edculos e da desacelera\u00e7\u00e3o em mercados como Estados Unidos e China, pa\u00edses dependentes de importa\u00e7\u00f5es de petr\u00f3leo aceleraram a transi\u00e7\u00e3o para modelos eletrificados.<\/p>\n<h2 class=\"wp-block-heading\" id=\"h-alta-do-petroleo-reforca-aposta-mundial-na-eletrificacao\">Alta do petr\u00f3leo refor\u00e7a aposta mundial na eletrifica\u00e7\u00e3o<\/h2>\n<div class=\"wp-block-image\">\n<figure class=\"aligncenter size-large\"><figcaption class=\"wp-element-caption\">Carro el\u00e9trico sendo abastecido \u2013 Imagem: DigitalPen \/ Shutterstock<\/figcaption><\/figure>\n<\/div>\n<p>A crise energ\u00e9tica alterou as prioridades de diversos governos, principalmente daqueles que sofrem maior impacto com a compra de combust\u00edveis no exterior. Conforme a IEA, o aumento dos custos de abastecimento fortaleceu o argumento de que ve\u00edculos el\u00e9tricos podem reduzir a exposi\u00e7\u00e3o dos pa\u00edses \u00e0s oscila\u00e7\u00f5es do petr\u00f3leo.<\/p>\n<p>A ag\u00eancia classificou o epis\u00f3dio como a maior interrup\u00e7\u00e3o de oferta j\u00e1 registrada e apontou que o choque nos pre\u00e7os dos combust\u00edveis contribuiu para uma nova expans\u00e3o das pol\u00edticas voltadas \u00e0 eletrifica\u00e7\u00e3o do transporte rodovi\u00e1rio.<\/p>\n<p>Entre mar\u00e7o e junho de 2026, as vendas de ve\u00edculos plug-in dobraram em pa\u00edses como Austr\u00e1lia, \u00cdndia, Brasil, Coreia do Sul e Vietn\u00e3 na compara\u00e7\u00e3o com o mesmo per\u00edodo do ano anterior. O resultado foi acompanhado por novas medidas governamentais para estimular a compra desses ve\u00edculos.<\/p>\n<div class=\"wp-block-image\">\n<figure class=\"aligncenter size-large\"><img loading=\"lazy\" decoding=\"async\" width=\"1024\" height=\"576\" src=\"https:\/\/ilheusnews.com.br\/wp-content\/uploads\/2026\/07\/10-25-1024x576-1.jpg\" alt=\"Por dentro e por fora esse carro el\u00e9trico parece sa\u00eddo do futuro\" class=\"wp-image-1281367\" srcset=\"https:\/\/img.odcdn.com.br\/wp-content\/uploads\/2026\/03\/10-25-1024x576.jpg 1024w, https:\/\/img.odcdn.com.br\/wp-content\/uploads\/2026\/03\/10-25-300x169.jpg 300w, https:\/\/img.odcdn.com.br\/wp-content\/uploads\/2026\/03\/10-25-768x432.jpg 768w, https:\/\/img.odcdn.com.br\/wp-content\/uploads\/2026\/03\/10-25-150x84.jpg 150w, https:\/\/img.odcdn.com.br\/wp-content\/uploads\/2026\/03\/10-25.jpg 1280w\" sizes=\"auto, (max-width: 1024px) 100vw, 1024px\"><figcaption class=\"wp-element-caption\">Carros el\u00e9tricos futuristas da Afila (Cr\u00e9ditos: Afeela)<\/figcaption><\/figure>\n<\/div>\n<p>A Austr\u00e1lia ampliou incentivos para modelos plug-in e acelerou um programa de instala\u00e7\u00e3o de carregadores p\u00fablicos. Na Tail\u00e2ndia, foi criado um programa de financiamento para consumidores interessados em ve\u00edculos movidos a bateria. O Vietn\u00e3 manteve benef\u00edcios tribut\u00e1rios para esses modelos at\u00e9 2030.<\/p>\n<p>Outros pa\u00edses tamb\u00e9m adotaram medidas semelhantes. A Fran\u00e7a aumentou quase ao dobro os recursos p\u00fablicos destinados \u00e0 eletrifica\u00e7\u00e3o, enquanto a Espanha prorrogou descontos fiscais relacionados \u00e0 aquisi\u00e7\u00e3o de ve\u00edculos el\u00e9tricos e \u00e0 instala\u00e7\u00e3o de carregadores.<\/p>\n<p>Segundo a IEA, dezenas de governos da \u00c1sia, \u00c1frica e Am\u00e9rica Latina expandiram programas existentes ou criaram novos mecanismos de incentivo ap\u00f3s o in\u00edcio da crise energ\u00e9tica.<\/p>\n<p>O crescimento das vendas de ve\u00edculos eletrificados chamou a aten\u00e7\u00e3o porque ocorreu em um momento de queda do setor automotivo. No primeiro semestre de 2026, as vendas globais de ve\u00edculos diminu\u00edram 5% em rela\u00e7\u00e3o ao mesmo per\u00edodo do ano anterior.<\/p>\n<p>Mesmo com um in\u00edcio de ano mais fraco, os modelos el\u00e9tricos e h\u00edbridos plug-in recuperaram for\u00e7a no segundo trimestre. O resultado deixou essa categoria respons\u00e1vel por 24% das vendas globais de ve\u00edculos leves nos seis primeiros meses do ano.<\/p>\n<p>A expans\u00e3o tamb\u00e9m ocorreu apesar da retra\u00e7\u00e3o nos dois maiores mercados automotivos do mundo. Na China, as vendas totais de ve\u00edculos ca\u00edram 20% no primeiro semestre, enquanto os chamados ve\u00edculos de nova energia, grupo que inclui el\u00e9tricos e h\u00edbridos plug-in, tiveram redu\u00e7\u00e3o menor diante da diminui\u00e7\u00e3o dos subs\u00eddios.<\/p>\n<p>Nos Estados Unidos, o cen\u00e1rio foi diferente. Ap\u00f3s o fim do cr\u00e9dito tribut\u00e1rio federal para ve\u00edculos el\u00e9tricos e a redu\u00e7\u00e3o de incentivos ligados \u00e0s metas de efici\u00eancia energ\u00e9tica, as montadoras passaram a ter menos est\u00edmulos para priorizar modelos el\u00e9tricos.<\/p>\n<p>Ainda assim, o pa\u00eds registrou no segundo trimestre seu maior volume de vendas de ve\u00edculos el\u00e9tricos desde o encerramento do benef\u00edcio fiscal.<\/p>\n<p>O post <a href=\"https:\/\/olhardigital.com.br\/2026\/07\/31\/carros-e-tecnologia\/crise-do-petroleo-acelera-corrida-global-pelos-veiculos-eletricos\/\">Crise do petr\u00f3leo acelera corrida global pelos ve\u00edculos el\u00e9tricos<\/a> apareceu primeiro em <a href=\"https:\/\/olhardigital.com.br\/\">Olhar Digital<\/a>.<\/p>\n<\/div>\n","protected":false},"excerpt":{"rendered":"<p>A alta dos pre\u00e7os do petr\u00f3leo provocada pela crise energ\u00e9tica no Oriente M\u00e9dio levou pa\u00edses de diferentes regi\u00f5es a ampliarem incentivos para ve\u00edculos el\u00e9tricos e h\u00edbridos plug-in no segundo trimestre de 2026. O movimento ajudou as vendas globais do segmento a atingirem n\u00edveis recordes em 50 mercados. De acordo com a Ag\u00eancia Internacional de Energia<\/p>\n","protected":false},"author":6,"featured_media":13223,"comment_status":"closed","ping_status":"closed","sticky":false,"template":"","format":"standard","meta":{"fifu_image_url":"https:\/\/olhardigital.com.br\/wp-content\/uploads\/2026\/05\/carro-eletrico-1024x512.jpg","fifu_image_alt":"Crise do petr\u00f3leo acelera corrida global pelos ve\u00edculos el\u00e9tricos","footnotes":""},"categories":[33],"tags":[],"class_list":["post-13222","post","type-post","status-publish","format-standard","has-post-thumbnail","hentry","category-noticias"],"_links":{"self":[{"href":"https:\/\/ilheusnews.com.br\/index.php?rest_route=\/wp\/v2\/posts\/13222","targetHints":{"allow":["GET"]}}],"collection":[{"href":"https:\/\/ilheusnews.com.br\/index.php?rest_route=\/wp\/v2\/posts"}],"about":[{"href":"https:\/\/ilheusnews.com.br\/index.php?rest_route=\/wp\/v2\/types\/post"}],"author":[{"embeddable":true,"href":"https:\/\/ilheusnews.com.br\/index.php?rest_route=\/wp\/v2\/users\/6"}],"replies":[{"embeddable":true,"href":"https:\/\/ilheusnews.com.br\/index.php?rest_route=%2Fwp%2Fv2%2Fcomments&post=13222"}],"version-history":[{"count":0,"href":"https:\/\/ilheusnews.com.br\/index.php?rest_route=\/wp\/v2\/posts\/13222\/revisions"}],"wp:featuredmedia":[{"embeddable":true,"href":"https:\/\/ilheusnews.com.br\/index.php?rest_route=\/wp\/v2\/media\/13223"}],"wp:attachment":[{"href":"https:\/\/ilheusnews.com.br\/index.php?rest_route=%2Fwp%2Fv2%2Fmedia&parent=13222"}],"wp:term":[{"taxonomy":"category","embeddable":true,"href":"https:\/\/ilheusnews.com.br\/index.php?rest_route=%2Fwp%2Fv2%2Fcategories&post=13222"},{"taxonomy":"post_tag","embeddable":true,"href":"https:\/\/ilheusnews.com.br\/index.php?rest_route=%2Fwp%2Fv2%2Ftags&post=13222"}],"curies":[{"name":"wp","href":"https:\/\/api.w.org\/{rel}","templated":true}]}}