{"id":13194,"date":"2026-07-31T12:01:00","date_gmt":"2026-07-31T15:01:00","guid":{"rendered":"https:\/\/ilheusnews.com.br\/?p=13194"},"modified":"2026-07-31T12:01:00","modified_gmt":"2026-07-31T15:01:00","slug":"flavio-bolsonaro-confirma-que-tereza-cristina-aceitou-ser-vice","status":"publish","type":"post","link":"https:\/\/ilheusnews.com.br\/?p=13194","title":{"rendered":"Fl\u00e1vio Bolsonaro confirma que Tereza Cristina aceitou ser vice"},"content":{"rendered":"<div>Candidato \u00e0 presid\u00eancia pelo Partido Liberal (PL),\u00a0Fl\u00e1vio Bolsonaro\u00a0afirmou que a senadora\u00a0Tereza Cristina\u00a0(PP-MS) aceitou o convite para concorrer como vice na chapa do filho do ex-presidente\u00a0Jair Bolsonaro. A declara\u00e7\u00e3o foi feita em conversa com jornalistas nesta sexta-feira (31\/7) em\u00a0S\u00e3o Paulo. (Foto ilustra\u00e7\u00e3o: senadora\u00a0Tereza Cristina e Fl\u00e1vio Bolsonaro) \u201cA Tereza Cristina \u00e9 um quadro excepcional, foi ministra do presidente Bolsonaro, uma refer\u00eancia em v\u00e1rias \u00e1reas, em especial no agro, respeitad\u00edssima dentro da pol\u00edtica, dentro do pa\u00eds e fora do pa\u00eds. Ent\u00e3o o convite foi feito, ela aceitou e agora estamos nas conversas para saber se o partido vai avan\u00e7ar ou n\u00e3o\u201d, disse Fl\u00e1vio antes de um caf\u00e9 da manh\u00e3 com vereadores de S\u00e3o Paulo organizado pelo prefeito Ricardo Nunes (MDB). A senadora \u00e9 o nome preferido do presidente do PL, Valdemar Costa Neto, que avalia que a presen\u00e7a dela na chapa fortaleceria a candidatura de Fl\u00e1vio, tanto pelo v\u00ednculo com o agroneg\u00f3cio quanto por ampliar as chances de atrair a federa\u00e7\u00e3o Uni\u00e3o Progressista para a alian\u00e7a. Na quinta-feira (30\/7), a\u00a0senadora j\u00e1 havia sinalizado a decis\u00e3o a aliados. O acordo, no entanto, ainda depende do aval da federa\u00e7\u00e3o Uni\u00e3o Progressista, formada por PP e Uni\u00e3o Brasil, al\u00e9m da aprova\u00e7\u00e3o do PP em conven\u00e7\u00e3o partid\u00e1ria. Minutos ap\u00f3s a declara\u00e7\u00e3o de Fl\u00e1vio, a dire\u00e7\u00e3o nacional do PP afirmou que o partido consultou os diret\u00f3rios estaduais e \u201cdecidiu\u00a0permanecer na neutralidade\u00a0no processo eleitoral, reiterando a posi\u00e7\u00e3o de n\u00e3o convocar Conven\u00e7\u00e3o Nacional\u201d. Segundo ele, a decis\u00e3o j\u00e1 foi comunicada e acatada pela senadora Tereza Cristina. (Rodrigo Tammaro,\u00a0Alessandra Ferreira)<\/div>\n","protected":false},"excerpt":{"rendered":"<p>Candidato \u00e0 presid\u00eancia pelo Partido Liberal (PL),\u00a0Fl\u00e1vio Bolsonaro\u00a0afirmou que a senadora\u00a0Tereza Cristina\u00a0(PP-MS) aceitou o convite para concorrer como vice na chapa do filho do ex-presidente\u00a0Jair Bolsonaro. A declara\u00e7\u00e3o foi feita em conversa com jornalistas nesta sexta-feira (31\/7) em\u00a0S\u00e3o Paulo. (Foto ilustra\u00e7\u00e3o: senadora\u00a0Tereza Cristina e Fl\u00e1vio Bolsonaro) \u201cA Tereza Cristina \u00e9 um quadro excepcional, foi ministra<\/p>\n","protected":false},"author":8,"featured_media":0,"comment_status":"closed","ping_status":"closed","sticky":false,"template":"","format":"standard","meta":{"fifu_image_url":"","fifu_image_alt":"","footnotes":""},"categories":[33],"tags":[],"class_list":["post-13194","post","type-post","status-publish","format-standard","hentry","category-noticias"],"_links":{"self":[{"href":"https:\/\/ilheusnews.com.br\/index.php?rest_route=\/wp\/v2\/posts\/13194","targetHints":{"allow":["GET"]}}],"collection":[{"href":"https:\/\/ilheusnews.com.br\/index.php?rest_route=\/wp\/v2\/posts"}],"about":[{"href":"https:\/\/ilheusnews.com.br\/index.php?rest_route=\/wp\/v2\/types\/post"}],"author":[{"embeddable":true,"href":"https:\/\/ilheusnews.com.br\/index.php?rest_route=\/wp\/v2\/users\/8"}],"replies":[{"embeddable":true,"href":"https:\/\/ilheusnews.com.br\/index.php?rest_route=%2Fwp%2Fv2%2Fcomments&post=13194"}],"version-history":[{"count":0,"href":"https:\/\/ilheusnews.com.br\/index.php?rest_route=\/wp\/v2\/posts\/13194\/revisions"}],"wp:attachment":[{"href":"https:\/\/ilheusnews.com.br\/index.php?rest_route=%2Fwp%2Fv2%2Fmedia&parent=13194"}],"wp:term":[{"taxonomy":"category","embeddable":true,"href":"https:\/\/ilheusnews.com.br\/index.php?rest_route=%2Fwp%2Fv2%2Fcategories&post=13194"},{"taxonomy":"post_tag","embeddable":true,"href":"https:\/\/ilheusnews.com.br\/index.php?rest_route=%2Fwp%2Fv2%2Ftags&post=13194"}],"curies":[{"name":"wp","href":"https:\/\/api.w.org\/{rel}","templated":true}]}}