{"id":13147,"date":"2026-07-30T18:00:52","date_gmt":"2026-07-30T21:00:52","guid":{"rendered":"https:\/\/ilheusnews.com.br\/?p=13147"},"modified":"2026-07-30T18:00:52","modified_gmt":"2026-07-30T21:00:52","slug":"congresso-deve-votar-ao-menos-87-vetos-que-trancam-pauta-na-volta-do-recesso","status":"publish","type":"post","link":"https:\/\/ilheusnews.com.br\/?p=13147","title":{"rendered":"Congresso deve votar ao menos 87 vetos que trancam pauta na volta do recesso"},"content":{"rendered":"<div>Pelo menos 87 vetos presidenciais trancam a pauta de vota\u00e7\u00f5es do Congresso e aguardam delibera\u00e7\u00e3o de senadores e deputados neste segundo semestre de 2026. Ao todo, tramitam na Casa 97 vetos. (Foto ilustra\u00e7\u00e3o) Entre os que trancam a pauta, est\u00e3o os vetos a trechos do projeto da Lei de Diretrizes Or\u00e7ament\u00e1rias (LDO 2026) e da\u00a0Lei Or\u00e7ament\u00e1ria Anual (LOA)\u00a0deste ano. Al\u00e9m da economia, os dispositivos rejeitados pela Presid\u00eancia da Rep\u00fablica abarcam temas como sa\u00fade, educa\u00e7\u00e3o, trabalho, seguran\u00e7a e pol\u00edticas sociais, entre outros. A \u00faltima sess\u00e3o conjunta para an\u00e1lise de vetos ocorreu em maio deste ano. Outra sess\u00e3o, que estava prevista para o dia 18 de junho, foi cancelada por falta de acordo entre as lideran\u00e7as. \u00c0 \u00e9poca, o presidente do Senado e do Congresso, senador Davi Alcolumbre, disse que tentaria reunir senadores e deputados para a delibera\u00e7\u00e3o de vetos antes do recesso parlamentar, o que n\u00e3o foi poss\u00edvel. O adiamento \u00e9 resultado de muitos pontos de diverg\u00eancia. O l\u00edder do governo no Congresso, senador Randolfe Rodrigues (PT-AP), havia conseguido retirar de pauta itens com impacto fiscal, como mat\u00e9rias que tratam de reajuste salarial e da LDO, ou temas pol\u00eamicos. \u2014 Sess\u00e3o do Congresso Nacional para aprecia\u00e7\u00e3o de vetos \u00e9 sempre uma sess\u00e3o de acordos. Para construir o melhor acordo, o governo deve ceder em alguns vetos e apreciar os que s\u00e3o priorit\u00e1rios para serem mantidos \u2014 disse Randolfe \u00e0 imprensa. Conforme a Constitui\u00e7\u00e3o, os vetos devem ser avaliados pelos parlamentares em sess\u00e3o conjunta, sendo necess\u00e1ria a maioria absoluta dos votos de deputados e senadores para sua rejei\u00e7\u00e3o. O veto passa a trancar a pauta do Congresso quando n\u00e3o apreciado em 30 dias ap\u00f3s o recebimento.\u00a0 (Ag\u00eancia Senado)<\/div>\n","protected":false},"excerpt":{"rendered":"<p>Pelo menos 87 vetos presidenciais trancam a pauta de vota\u00e7\u00f5es do Congresso e aguardam delibera\u00e7\u00e3o de senadores e deputados neste segundo semestre de 2026. Ao todo, tramitam na Casa 97 vetos. (Foto ilustra\u00e7\u00e3o) Entre os que trancam a pauta, est\u00e3o os vetos a trechos do projeto da Lei de Diretrizes Or\u00e7ament\u00e1rias (LDO 2026) e da\u00a0Lei<\/p>\n","protected":false},"author":8,"featured_media":0,"comment_status":"closed","ping_status":"closed","sticky":false,"template":"","format":"standard","meta":{"fifu_image_url":"","fifu_image_alt":"","footnotes":""},"categories":[33],"tags":[],"class_list":["post-13147","post","type-post","status-publish","format-standard","hentry","category-noticias"],"_links":{"self":[{"href":"https:\/\/ilheusnews.com.br\/index.php?rest_route=\/wp\/v2\/posts\/13147","targetHints":{"allow":["GET"]}}],"collection":[{"href":"https:\/\/ilheusnews.com.br\/index.php?rest_route=\/wp\/v2\/posts"}],"about":[{"href":"https:\/\/ilheusnews.com.br\/index.php?rest_route=\/wp\/v2\/types\/post"}],"author":[{"embeddable":true,"href":"https:\/\/ilheusnews.com.br\/index.php?rest_route=\/wp\/v2\/users\/8"}],"replies":[{"embeddable":true,"href":"https:\/\/ilheusnews.com.br\/index.php?rest_route=%2Fwp%2Fv2%2Fcomments&post=13147"}],"version-history":[{"count":0,"href":"https:\/\/ilheusnews.com.br\/index.php?rest_route=\/wp\/v2\/posts\/13147\/revisions"}],"wp:attachment":[{"href":"https:\/\/ilheusnews.com.br\/index.php?rest_route=%2Fwp%2Fv2%2Fmedia&parent=13147"}],"wp:term":[{"taxonomy":"category","embeddable":true,"href":"https:\/\/ilheusnews.com.br\/index.php?rest_route=%2Fwp%2Fv2%2Fcategories&post=13147"},{"taxonomy":"post_tag","embeddable":true,"href":"https:\/\/ilheusnews.com.br\/index.php?rest_route=%2Fwp%2Fv2%2Ftags&post=13147"}],"curies":[{"name":"wp","href":"https:\/\/api.w.org\/{rel}","templated":true}]}}