{"id":13145,"date":"2026-07-30T18:00:47","date_gmt":"2026-07-30T21:00:47","guid":{"rendered":"https:\/\/ilheusnews.com.br\/?p=13145"},"modified":"2026-07-30T18:00:47","modified_gmt":"2026-07-30T21:00:47","slug":"codesal-capacita-servidores-da-spmj-para-prevencao-e-enfrentamento-de-situacoes-de-risco","status":"publish","type":"post","link":"https:\/\/ilheusnews.com.br\/?p=13145","title":{"rendered":"Codesal capacita servidores da SPMJ para preven\u00e7\u00e3o e enfrentamento de situa\u00e7\u00f5es de risco"},"content":{"rendered":"<div>A Prefeitura de Salvador, por meio da Defesa Civil de Salvador (Codesal), realizou, nesta quarta-feira (29), mais uma edi\u00e7\u00e3o do projeto Mobiliza, iniciativa que capacita cidad\u00e3os e colaboradores de \u00f3rg\u00e3os parceiros para a preven\u00e7\u00e3o e o enfrentamento de situa\u00e7\u00f5es de risco. Pela primeira vez, a atividade aconteceu na sede da Secretaria Municipal de Pol\u00edticas para Mulheres, Inf\u00e2ncia e Juventude (SPMJ), no Com\u00e9rcio. (Foto ilustra\u00e7\u00e3o) Criado em 2018, o Mobiliza j\u00e1 capacitou mais de 4 mil pessoas. O treinamento \u00e9 dividido em quatro m\u00f3dulos, que abordam introdu\u00e7\u00e3o institucional, percep\u00e7\u00e3o de risco, mudan\u00e7as clim\u00e1ticas e primeiros socorros. Qualquer cidad\u00e3o com mais de 16 anos pode se inscrever gratuitamente para se tornar volunt\u00e1rio. O diretor-geral da Codesal, Adriano Silveira, destacou que a iniciativa contribui para disseminar conhecimentos sobre prote\u00e7\u00e3o e defesa civil e fortalecer a cultura da preven\u00e7\u00e3o na capital baiana. \u201cAo compartilhar informa\u00e7\u00f5es, orientar a popula\u00e7\u00e3o e fortalecer o protagonismo das comunidades, contribu\u00edmos para uma cidade cada vez mais preparada, resiliente e segura para enfrentar as situa\u00e7\u00f5es de risco provocadas pelas mudan\u00e7as clim\u00e1ticas\u201d, afirmou. Segundo Adriano, a realiza\u00e7\u00e3o da atividade na SPMJ tamb\u00e9m contribui para preparar profissionais que atuam diretamente no atendimento a mulheres, crian\u00e7as e jovens. \u201cSeguimos trabalhando de forma integrada, levando conhecimento, conscientiza\u00e7\u00e3o e a\u00e7\u00f5es que t\u00eam como principal objetivo salvar vidas\u201d, completou. A secret\u00e1ria da SPMJ, Fernanda Lord\u00ealo, ressaltou a import\u00e2ncia de preparar os profissionais para atuar tanto na preven\u00e7\u00e3o quanto em situa\u00e7\u00f5es de emerg\u00eancia. \u201cTrabalhamos no Carnaval, cuidando de crian\u00e7as que podem sofrer riscos de engasgamento, al\u00e9m de atender mulheres v\u00edtimas de viol\u00eancia. Quanto mais nossas equipes estiverem preparadas para atuar, tanto de forma imediata quanto na preven\u00e7\u00e3o, melhor ser\u00e1 o atendimento prestado\u201d, afirmou. (Secom\/PMS)<\/div>\n","protected":false},"excerpt":{"rendered":"<p>A Prefeitura de Salvador, por meio da Defesa Civil de Salvador (Codesal), realizou, nesta quarta-feira (29), mais uma edi\u00e7\u00e3o do projeto Mobiliza, iniciativa que capacita cidad\u00e3os e colaboradores de \u00f3rg\u00e3os parceiros para a preven\u00e7\u00e3o e o enfrentamento de situa\u00e7\u00f5es de risco. Pela primeira vez, a atividade aconteceu na sede da Secretaria Municipal de Pol\u00edticas para<\/p>\n","protected":false},"author":8,"featured_media":0,"comment_status":"closed","ping_status":"closed","sticky":false,"template":"","format":"standard","meta":{"fifu_image_url":"","fifu_image_alt":"","footnotes":""},"categories":[33],"tags":[],"class_list":["post-13145","post","type-post","status-publish","format-standard","hentry","category-noticias"],"_links":{"self":[{"href":"https:\/\/ilheusnews.com.br\/index.php?rest_route=\/wp\/v2\/posts\/13145","targetHints":{"allow":["GET"]}}],"collection":[{"href":"https:\/\/ilheusnews.com.br\/index.php?rest_route=\/wp\/v2\/posts"}],"about":[{"href":"https:\/\/ilheusnews.com.br\/index.php?rest_route=\/wp\/v2\/types\/post"}],"author":[{"embeddable":true,"href":"https:\/\/ilheusnews.com.br\/index.php?rest_route=\/wp\/v2\/users\/8"}],"replies":[{"embeddable":true,"href":"https:\/\/ilheusnews.com.br\/index.php?rest_route=%2Fwp%2Fv2%2Fcomments&post=13145"}],"version-history":[{"count":0,"href":"https:\/\/ilheusnews.com.br\/index.php?rest_route=\/wp\/v2\/posts\/13145\/revisions"}],"wp:attachment":[{"href":"https:\/\/ilheusnews.com.br\/index.php?rest_route=%2Fwp%2Fv2%2Fmedia&parent=13145"}],"wp:term":[{"taxonomy":"category","embeddable":true,"href":"https:\/\/ilheusnews.com.br\/index.php?rest_route=%2Fwp%2Fv2%2Fcategories&post=13145"},{"taxonomy":"post_tag","embeddable":true,"href":"https:\/\/ilheusnews.com.br\/index.php?rest_route=%2Fwp%2Fv2%2Ftags&post=13145"}],"curies":[{"name":"wp","href":"https:\/\/api.w.org\/{rel}","templated":true}]}}